{"id":2969,"date":"2018-12-25T18:51:58","date_gmt":"2018-12-25T18:51:58","guid":{"rendered":"https:\/\/visit-meknes.com\/?p=2969"},"modified":"2018-12-25T18:51:58","modified_gmt":"2018-12-25T18:51:58","slug":"luniversite-populaire-de-meknes-demarre-sous-le-signe-de-la-connaissance-pour-tous","status":"publish","type":"post","link":"https:\/\/visit-meknes.com\/fr\/luniversite-populaire-de-meknes-demarre-sous-le-signe-de-la-connaissance-pour-tous\/","title":{"rendered":"L\u2019universit\u00e9 populaire de Mekn\u00e8s d\u00e9marre sous le signe de \u00ab la connaissance pour tous \u00bb"},"content":{"rendered":"<p>L\u2019universit\u00e9 populaire de Mekn\u00e8s, une initiative citoyenne destin\u00e9e \u00e0 assurer l\u2019acc\u00e8s \u00e0 la connaissance pour de larges couches de la soci\u00e9t\u00e9, a ouvert ses portes ce weekend.<\/p>\n<p>Des cours et conf\u00e9rences en droit, \u00e9conomie, sociologie, sciences politiques, anthropologie, d\u00e9veloppement, gouvernance r\u00e9gionale et management territorial seront donn\u00e9s par des universitaires, des acad\u00e9miciens et des sp\u00e9cialistes. Ils sont ouverts aux jeunes ou moins jeunes, acteurs locaux et r\u00e9gionaux et diff\u00e9rentes composantes de la soci\u00e9t\u00e9.<\/p>\n<p>Gratuite et ouverte \u00e0 tous, l\u2019universit\u00e9 populaire permettra aux jeunes de se former mais aussi d\u2019\u00e9changer avec les \u00e9lus et les acteurs \u00e9conomiques et sociaux, en vue de rapprocher leurs vues et exp\u00e9riences.<\/p>\n<p>Plac\u00e9e sous le signe \u2018\u2019la connaissance, droit pour tous\u2019\u2019, l\u2019universit\u00e9 populaire de Mekn\u00e8s se veut \u2018\u2019un espace multidisciplinaire de formation et d\u2019encadrement d\u2019acteurs impr\u00e9gn\u00e9s de valeurs de diversit\u00e9 linguistique et culturelle, des droits de la femme et de l\u2019enfant et de respect de l\u2019environnement\u2019\u2019.<\/p>\n","protected":false},"excerpt":{"rendered":"<p>L\u2019universit\u00e9 populaire de Mekn\u00e8s, une initiative citoyenne destin\u00e9e \u00e0 assurer l\u2019acc\u00e8s \u00e0 la connaissance pour de larges couches de la soci\u00e9t\u00e9, a ouvert ses portes ce weekend. Des cours et conf\u00e9rences en droit, \u00e9conomie, sociologie, sciences politiques, anthropologie, d\u00e9veloppement, gouvernance r\u00e9gionale et management territorial seront donn\u00e9s par des universitaires, des acad\u00e9miciens et des sp\u00e9cialistes. Ils<\/p>\n","protected":false},"author":1,"featured_media":2970,"comment_status":"open","ping_status":"open","sticky":false,"template":"","format":"standard","meta":{"footnotes":""},"categories":[6],"tags":[],"_links":{"self":[{"href":"https:\/\/visit-meknes.com\/fr\/wp-json\/wp\/v2\/posts\/2969"}],"collection":[{"href":"https:\/\/visit-meknes.com\/fr\/wp-json\/wp\/v2\/posts"}],"about":[{"href":"https:\/\/visit-meknes.com\/fr\/wp-json\/wp\/v2\/types\/post"}],"author":[{"embeddable":true,"href":"https:\/\/visit-meknes.com\/fr\/wp-json\/wp\/v2\/users\/1"}],"replies":[{"embeddable":true,"href":"https:\/\/visit-meknes.com\/fr\/wp-json\/wp\/v2\/comments?post=2969"}],"version-history":[{"count":1,"href":"https:\/\/visit-meknes.com\/fr\/wp-json\/wp\/v2\/posts\/2969\/revisions"}],"predecessor-version":[{"id":2971,"href":"https:\/\/visit-meknes.com\/fr\/wp-json\/wp\/v2\/posts\/2969\/revisions\/2971"}],"wp:featuredmedia":[{"embeddable":true,"href":"https:\/\/visit-meknes.com\/fr\/wp-json\/wp\/v2\/media\/2970"}],"wp:attachment":[{"href":"https:\/\/visit-meknes.com\/fr\/wp-json\/wp\/v2\/media?parent=2969"}],"wp:term":[{"taxonomy":"category","embeddable":true,"href":"https:\/\/visit-meknes.com\/fr\/wp-json\/wp\/v2\/categories?post=2969"},{"taxonomy":"post_tag","embeddable":true,"href":"https:\/\/visit-meknes.com\/fr\/wp-json\/wp\/v2\/tags?post=2969"}],"curies":[{"name":"wp","href":"https:\/\/api.w.org\/{rel}","templated":true}]}}