{"id":2950,"date":"2018-11-10T22:51:36","date_gmt":"2018-11-10T22:51:36","guid":{"rendered":"https:\/\/visit-meknes.com\/?p=2950"},"modified":"2018-11-10T22:51:36","modified_gmt":"2018-11-10T22:51:36","slug":"air-arabia-maroc-lance-une-ligne-interne-errachidia-fes","status":"publish","type":"post","link":"https:\/\/visit-meknes.com\/fr\/air-arabia-maroc-lance-une-ligne-interne-errachidia-fes\/","title":{"rendered":"Air Arabia-Maroc lance une ligne interne Errachidia-F\u00e8s"},"content":{"rendered":"<p>La compagnie a\u00e9rienne Air Arabia-Maroc a lanc\u00e9, jeudi, une nouvelle ligne a\u00e9rienne interne reliant les a\u00e9roports d&rsquo;Errachidia-Moulay Ali Cherif et de F\u00e8s-Sa\u00efss.<\/p>\n<p>Un Airbus du transporteur low cost a atterri \u00e0 l\u2019a\u00e9roport d\u2019Errachidia-Moulay Ali Cherif en provenance de F\u00e8s, donnant ainsi le coup d\u2019envoi officiel de cette liaison a\u00e9rienne.<\/p>\n<p>Le lancement de cette nouvelle ligne s\u2019est d\u00e9roul\u00e9 en pr\u00e9sence du wali de la r\u00e9gion de Dr\u00e2a-Tafilalet et gouverneur de la province d\u2019Errachidia, Mohamed Benribag, du pr\u00e9sident du Conseil de la r\u00e9gion, Lahbib Choubani et de la directrice g\u00e9n\u00e9rale d\u2019Air Arabia-Maroc, Leila Mechbal, ainsi que d\u2019\u00e9lus, de repr\u00e9sentants de services ext\u00e9rieurs et de plusieurs personnalit\u00e9s.<\/p>\n<p>Dans une d\u00e9claration \u00e0 la MAP, Mme Mechbal s\u2019est f\u00e9licit\u00e9e du lancement de cette nouvelle liaison qui aura lieu tous les lundis et jeudis, et qui a \u00e9t\u00e9 cr\u00e9\u00e9e gr\u00e2ce au soutien du Conseil de la r\u00e9gion de Dr\u00e2a-Tafilalet selon les termes d\u2019une convention de partenariat.<\/p>\n<p>Ce vol sera op\u00e9r\u00e9 par des Airbus d\u2019une capacit\u00e9 de 174 si\u00e8ges et devrait connaitre un grand succ\u00e8s aupr\u00e8s des clients, a-t-elle ajout\u00e9, soulignant que les passagers auront la possibilit\u00e9 de poursuivre leur voyage, sans changer d\u2019avion, vers la ville de Tanger via l\u2019a\u00e9roport de F\u00e8s-Sa\u00efss.<\/p>\n<p>Mercredi, la compagnie a\u00e9rienne avait lanc\u00e9 une autre ligne reliant Zagora \u00e0 Marrakech, \u00e9galement dans le cadre d\u2019un partenariat entre le Conseil de la r\u00e9gion de Dr\u00e2a-Tafilalet et Air Arabia-Maroc.<\/p>\n<p>La premi\u00e8re liaison interne du transporteur a\u00e9rien avait \u00e9t\u00e9 lanc\u00e9e en juin 2017, reliant F\u00e8s \u00e0 Marrakech.<\/p>\n<p><strong>Source : MEDI1TV.COM ET MAP<\/strong><\/p>\n","protected":false},"excerpt":{"rendered":"<p>La compagnie a\u00e9rienne Air Arabia-Maroc a lanc\u00e9, jeudi, une nouvelle ligne a\u00e9rienne interne reliant les a\u00e9roports d&rsquo;Errachidia-Moulay Ali Cherif et de F\u00e8s-Sa\u00efss. Un Airbus du transporteur low cost a atterri \u00e0 l\u2019a\u00e9roport d\u2019Errachidia-Moulay Ali Cherif en provenance de F\u00e8s, donnant ainsi le coup d\u2019envoi officiel de cette liaison a\u00e9rienne. Le lancement de cette nouvelle ligne<\/p>\n","protected":false},"author":1,"featured_media":2941,"comment_status":"open","ping_status":"open","sticky":false,"template":"","format":"standard","meta":{"footnotes":""},"categories":[6],"tags":[],"_links":{"self":[{"href":"https:\/\/visit-meknes.com\/fr\/wp-json\/wp\/v2\/posts\/2950"}],"collection":[{"href":"https:\/\/visit-meknes.com\/fr\/wp-json\/wp\/v2\/posts"}],"about":[{"href":"https:\/\/visit-meknes.com\/fr\/wp-json\/wp\/v2\/types\/post"}],"author":[{"embeddable":true,"href":"https:\/\/visit-meknes.com\/fr\/wp-json\/wp\/v2\/users\/1"}],"replies":[{"embeddable":true,"href":"https:\/\/visit-meknes.com\/fr\/wp-json\/wp\/v2\/comments?post=2950"}],"version-history":[{"count":1,"href":"https:\/\/visit-meknes.com\/fr\/wp-json\/wp\/v2\/posts\/2950\/revisions"}],"predecessor-version":[{"id":2951,"href":"https:\/\/visit-meknes.com\/fr\/wp-json\/wp\/v2\/posts\/2950\/revisions\/2951"}],"wp:featuredmedia":[{"embeddable":true,"href":"https:\/\/visit-meknes.com\/fr\/wp-json\/wp\/v2\/media\/2941"}],"wp:attachment":[{"href":"https:\/\/visit-meknes.com\/fr\/wp-json\/wp\/v2\/media?parent=2950"}],"wp:term":[{"taxonomy":"category","embeddable":true,"href":"https:\/\/visit-meknes.com\/fr\/wp-json\/wp\/v2\/categories?post=2950"},{"taxonomy":"post_tag","embeddable":true,"href":"https:\/\/visit-meknes.com\/fr\/wp-json\/wp\/v2\/tags?post=2950"}],"curies":[{"name":"wp","href":"https:\/\/api.w.org\/{rel}","templated":true}]}}