{"id":2946,"date":"2018-11-04T21:20:36","date_gmt":"2018-11-04T21:20:36","guid":{"rendered":"https:\/\/visit-meknes.com\/?p=2946"},"modified":"2018-11-04T21:20:36","modified_gmt":"2018-11-04T21:20:36","slug":"la-nouvelle-ligne-entre-vatry-et-fes-inauguree-samedi","status":"publish","type":"post","link":"https:\/\/visit-meknes.com\/fr\/la-nouvelle-ligne-entre-vatry-et-fes-inauguree-samedi\/","title":{"rendered":"La nouvelle ligne entre Vatry et F\u00e8s inaugur\u00e9e samedi"},"content":{"rendered":"<p>\u00c0 partir de samedi 3 novembre, il sera possible de se rendre \u00e0 F\u00e8s (Maroc) chaque samedi avec Ryanair, depuis l\u2019a\u00e9roport de Vatry dans la Marne. Le premier vol est pr\u00e9vu ce samedi \u00e0 18 h 45, pour une arriv\u00e9e \u00e0 F\u00e8s \u00e0 20 h 35.<\/p>\n<p>Le prix affich\u00e9 pour un aller-retour est d\u2019environ 70 \u20ac, prix d\u2019appel pour l\u2019ouverture de la ligne. Les clients peuvent r\u00e9server leurs billets d\u00e8s maintenant pour des vols pr\u00e9vus jusqu\u2019en mars 2019 sur le site de Ryanair et sur le site de l\u2019a\u00e9roport de Vatry.<\/p>\n","protected":false},"excerpt":{"rendered":"<p>\u00c0 partir de samedi 3 novembre, il sera possible de se rendre \u00e0 F\u00e8s (Maroc) chaque samedi avec Ryanair, depuis l\u2019a\u00e9roport de Vatry dans la Marne. Le premier vol est pr\u00e9vu ce samedi \u00e0 18 h 45, pour une arriv\u00e9e \u00e0 F\u00e8s \u00e0 20 h 35. Le prix affich\u00e9 pour un aller-retour est d\u2019environ 70<\/p>\n","protected":false},"author":1,"featured_media":2947,"comment_status":"open","ping_status":"open","sticky":false,"template":"","format":"standard","meta":{"footnotes":""},"categories":[6],"tags":[],"_links":{"self":[{"href":"https:\/\/visit-meknes.com\/fr\/wp-json\/wp\/v2\/posts\/2946"}],"collection":[{"href":"https:\/\/visit-meknes.com\/fr\/wp-json\/wp\/v2\/posts"}],"about":[{"href":"https:\/\/visit-meknes.com\/fr\/wp-json\/wp\/v2\/types\/post"}],"author":[{"embeddable":true,"href":"https:\/\/visit-meknes.com\/fr\/wp-json\/wp\/v2\/users\/1"}],"replies":[{"embeddable":true,"href":"https:\/\/visit-meknes.com\/fr\/wp-json\/wp\/v2\/comments?post=2946"}],"version-history":[{"count":1,"href":"https:\/\/visit-meknes.com\/fr\/wp-json\/wp\/v2\/posts\/2946\/revisions"}],"predecessor-version":[{"id":2948,"href":"https:\/\/visit-meknes.com\/fr\/wp-json\/wp\/v2\/posts\/2946\/revisions\/2948"}],"wp:featuredmedia":[{"embeddable":true,"href":"https:\/\/visit-meknes.com\/fr\/wp-json\/wp\/v2\/media\/2947"}],"wp:attachment":[{"href":"https:\/\/visit-meknes.com\/fr\/wp-json\/wp\/v2\/media?parent=2946"}],"wp:term":[{"taxonomy":"category","embeddable":true,"href":"https:\/\/visit-meknes.com\/fr\/wp-json\/wp\/v2\/categories?post=2946"},{"taxonomy":"post_tag","embeddable":true,"href":"https:\/\/visit-meknes.com\/fr\/wp-json\/wp\/v2\/tags?post=2946"}],"curies":[{"name":"wp","href":"https:\/\/api.w.org\/{rel}","templated":true}]}}