{"id":2940,"date":"2018-11-02T22:51:41","date_gmt":"2018-11-02T22:51:41","guid":{"rendered":"https:\/\/visit-meknes.com\/?p=2940"},"modified":"2018-11-02T22:51:41","modified_gmt":"2018-11-02T22:51:41","slug":"air-arabia-maroc-lance-des-vols-au-depart-de-fes-pour-250-dh","status":"publish","type":"post","link":"https:\/\/visit-meknes.com\/fr\/air-arabia-maroc-lance-des-vols-au-depart-de-fes-pour-250-dh\/","title":{"rendered":"Air Arabia Maroc lance des vols au d\u00e9part de F\u00e8s pour 250 DH"},"content":{"rendered":"<p>Trois nouvelles liaisons a\u00e9riennes ont \u00e9t\u00e9 lanc\u00e9es hier par Air Arabia Maroc au d\u00e9part de l\u2019a\u00e9roport de F\u00e8s.<\/p>\n<p>Ainsi, les villes d\u2019Agadir, Tanger et Errachidia seront d\u00e9sormais reli\u00e9es par la compagnie a\u00e9rienne \u00e0 partir de 250 dirhams TTC, indique Air Arabia dans un communiqu\u00e9.<\/p>\n<p>\u00ab Ces vols viennent compl\u00e9ter le r\u00e9seau int\u00e9rieur d\u2019Air Arabia Maroc au d\u00e9part de F\u00e8s, et qui compte d\u00e9j\u00e0 F\u00e8s-Marrakech lanc\u00e9e en juin 2017, en partenariat avec l\u2019ONMT \u00bb, explique-t-on.<\/p>\n<p>Les voyageurs pour Agadir partiront les jeudi et dimanche, ceux pour Errachidia les lundi et jeudi alors que pour Tanger, les d\u00e9parts sont pr\u00e9vus les lundi et samedi et les retours mardi et samedi.<\/p>\n","protected":false},"excerpt":{"rendered":"<p>Trois nouvelles liaisons a\u00e9riennes ont \u00e9t\u00e9 lanc\u00e9es hier par Air Arabia Maroc au d\u00e9part de l\u2019a\u00e9roport de F\u00e8s. Ainsi, les villes d\u2019Agadir, Tanger et Errachidia seront d\u00e9sormais reli\u00e9es par la compagnie a\u00e9rienne \u00e0 partir de 250 dirhams TTC, indique Air Arabia dans un communiqu\u00e9. \u00ab Ces vols viennent compl\u00e9ter le r\u00e9seau int\u00e9rieur d\u2019Air Arabia Maroc<\/p>\n","protected":false},"author":1,"featured_media":2941,"comment_status":"open","ping_status":"open","sticky":false,"template":"","format":"standard","meta":{"footnotes":""},"categories":[6],"tags":[],"_links":{"self":[{"href":"https:\/\/visit-meknes.com\/fr\/wp-json\/wp\/v2\/posts\/2940"}],"collection":[{"href":"https:\/\/visit-meknes.com\/fr\/wp-json\/wp\/v2\/posts"}],"about":[{"href":"https:\/\/visit-meknes.com\/fr\/wp-json\/wp\/v2\/types\/post"}],"author":[{"embeddable":true,"href":"https:\/\/visit-meknes.com\/fr\/wp-json\/wp\/v2\/users\/1"}],"replies":[{"embeddable":true,"href":"https:\/\/visit-meknes.com\/fr\/wp-json\/wp\/v2\/comments?post=2940"}],"version-history":[{"count":1,"href":"https:\/\/visit-meknes.com\/fr\/wp-json\/wp\/v2\/posts\/2940\/revisions"}],"predecessor-version":[{"id":2942,"href":"https:\/\/visit-meknes.com\/fr\/wp-json\/wp\/v2\/posts\/2940\/revisions\/2942"}],"wp:featuredmedia":[{"embeddable":true,"href":"https:\/\/visit-meknes.com\/fr\/wp-json\/wp\/v2\/media\/2941"}],"wp:attachment":[{"href":"https:\/\/visit-meknes.com\/fr\/wp-json\/wp\/v2\/media?parent=2940"}],"wp:term":[{"taxonomy":"category","embeddable":true,"href":"https:\/\/visit-meknes.com\/fr\/wp-json\/wp\/v2\/categories?post=2940"},{"taxonomy":"post_tag","embeddable":true,"href":"https:\/\/visit-meknes.com\/fr\/wp-json\/wp\/v2\/tags?post=2940"}],"curies":[{"name":"wp","href":"https:\/\/api.w.org\/{rel}","templated":true}]}}