{"id":2937,"date":"2018-11-01T14:57:56","date_gmt":"2018-11-01T14:57:56","guid":{"rendered":"https:\/\/visit-meknes.com\/?p=2937"},"modified":"2018-11-01T14:57:56","modified_gmt":"2018-11-01T14:57:56","slug":"lancement-du-prix-national-des-meilleurs-artisans-a-meknes","status":"publish","type":"post","link":"https:\/\/visit-meknes.com\/fr\/lancement-du-prix-national-des-meilleurs-artisans-a-meknes\/","title":{"rendered":"Lancement du prix national des meilleurs artisans \u00e0 Mekn\u00e8s"},"content":{"rendered":"<p>Et de huit pour le Prix national des meilleurs artisans. Initi\u00e9 par le secr\u00e9tariat d\u2019Etat charg\u00e9 de l\u2019Artisanat et de l\u2019Economie sociale, du 4 au 7 novembre 2018 \u00e0 Mekn\u00e8s, ce prix a pour objectif d\u2019abord la reconnaissance du savoir-faire ancestral et du travail assidu des ma\u00eetres artisans et de leurs apports au d\u00e9veloppement.<\/p>\n<p>Devenue un rendez-vous annuel incontournable pour les artisans marocains, cette manifestation ambitionne la pr\u00e9servation du capital immat\u00e9riel que constitue l\u2019artisanat marocain, mais aussi l\u2019encouragement de la cr\u00e9ativit\u00e9 et de l\u2019innovation dans ce domaine.<\/p>\n<p>L&rsquo;\u00e9dition de cette ann\u00e9e a rassembl\u00e9 plus de 520 candidats, apr\u00e8s une tourn\u00e9e nationale \u00e0 travers les diff\u00e9rentes r\u00e9gions du Royaume afin de pr\u00e9s\u00e9lectionner les meilleurs produits des cat\u00e9gories suivantes : ameublement, d\u00e9cor, bijouterie, habillement et accessoires. Cette s\u00e9lection a permis de choisir 183 produits pour le concours final.<br \/>\nLe choix de Mekn\u00e8s pour accueillir cette \u00e9dition n\u2019\u00e9tait pas arbitraire, annonce un communiqu\u00e9 des organisateurs, mais vise \u00e0 rendre hommage \u00e0 cette ville imp\u00e9riale qui se distingue par un artisanat local (ferronnerie, poterie-c\u00e9ramique, menuiserie, bijouterie, tissage traditionnel, cuir\u2026) tr\u00e8s pr\u00e9sent dans tous les recoins de la ville, des souks de la m\u00e9dina, aux alentours de la place Hedim, pr\u00e8s de ses monuments et sites historiques, en passant par les magasins d\u2019artisanat de la ville nouvelle.<\/p>\n<p>Le Prix national des meilleurs artisans, cr\u00e9\u00e9 en 2011, a r\u00e9compens\u00e9 au cours de ses huit ans d\u2019existence la cr\u00e9ativit\u00e9 de centaines de ma\u00eetres artisans. L\u2019\u00e9dition de 2018 ne fait pas exception et les produits s\u00e9lectionn\u00e9s seront expos\u00e9s dans le hall d\u2019exposition du Complexe culturel et administratif du minist\u00e8re des Habous du 4 au 7 novembre 2018 pour que le grand public puisse admirer les plus belles cr\u00e9ations des artisans marocains.<br \/>\nLa c\u00e9r\u00e9monie de remise des prix se d\u00e9roulera le 7 novembre 2018 et trois prix seront d\u00e9cern\u00e9s dans chacune des cat\u00e9gories : le Prix national d&rsquo;excellence, le Prix national de distinction, et le Prix national d\u2019encouragement, ainsi que le Prix d\u2019honneur, en hommage \u00e0 un artisan qui a contribu\u00e9 au d\u00e9veloppement et \u00e0 la promotion de l\u2019artisanat national. Cette c\u00e9r\u00e9monie sera pr\u00e9sid\u00e9e par Mohammed Sajid, ministre du Tourisme, du Transport a\u00e9rien, de l\u2019Artisanat et de l\u2019Economie sociale, ainsi que Mme Jamila Elmossalli, secr\u00e9taire d&rsquo;Etat charg\u00e9e de l&rsquo;Artisanat et de l&rsquo;Economie sociale.<\/p>\n","protected":false},"excerpt":{"rendered":"<p>Et de huit pour le Prix national des meilleurs artisans. Initi\u00e9 par le secr\u00e9tariat d\u2019Etat charg\u00e9 de l\u2019Artisanat et de l\u2019Economie sociale, du 4 au 7 novembre 2018 \u00e0 Mekn\u00e8s, ce prix a pour objectif d\u2019abord la reconnaissance du savoir-faire ancestral et du travail assidu des ma\u00eetres artisans et de leurs apports au d\u00e9veloppement. Devenue<\/p>\n","protected":false},"author":1,"featured_media":2938,"comment_status":"open","ping_status":"open","sticky":false,"template":"","format":"standard","meta":{"footnotes":""},"categories":[70,6],"tags":[],"_links":{"self":[{"href":"https:\/\/visit-meknes.com\/fr\/wp-json\/wp\/v2\/posts\/2937"}],"collection":[{"href":"https:\/\/visit-meknes.com\/fr\/wp-json\/wp\/v2\/posts"}],"about":[{"href":"https:\/\/visit-meknes.com\/fr\/wp-json\/wp\/v2\/types\/post"}],"author":[{"embeddable":true,"href":"https:\/\/visit-meknes.com\/fr\/wp-json\/wp\/v2\/users\/1"}],"replies":[{"embeddable":true,"href":"https:\/\/visit-meknes.com\/fr\/wp-json\/wp\/v2\/comments?post=2937"}],"version-history":[{"count":1,"href":"https:\/\/visit-meknes.com\/fr\/wp-json\/wp\/v2\/posts\/2937\/revisions"}],"predecessor-version":[{"id":2939,"href":"https:\/\/visit-meknes.com\/fr\/wp-json\/wp\/v2\/posts\/2937\/revisions\/2939"}],"wp:featuredmedia":[{"embeddable":true,"href":"https:\/\/visit-meknes.com\/fr\/wp-json\/wp\/v2\/media\/2938"}],"wp:attachment":[{"href":"https:\/\/visit-meknes.com\/fr\/wp-json\/wp\/v2\/media?parent=2937"}],"wp:term":[{"taxonomy":"category","embeddable":true,"href":"https:\/\/visit-meknes.com\/fr\/wp-json\/wp\/v2\/categories?post=2937"},{"taxonomy":"post_tag","embeddable":true,"href":"https:\/\/visit-meknes.com\/fr\/wp-json\/wp\/v2\/tags?post=2937"}],"curies":[{"name":"wp","href":"https:\/\/api.w.org\/{rel}","templated":true}]}}