{"id":2930,"date":"2018-10-28T20:20:30","date_gmt":"2018-10-28T20:20:30","guid":{"rendered":"https:\/\/visit-meknes.com\/?p=2930"},"modified":"2018-10-28T20:20:30","modified_gmt":"2018-10-28T20:20:30","slug":"meknes-des-oeuvres-inedites-au-salon-du-bois","status":"publish","type":"post","link":"https:\/\/visit-meknes.com\/fr\/meknes-des-oeuvres-inedites-au-salon-du-bois\/","title":{"rendered":"Mekn\u00e8s: Des \u0153uvres in\u00e9dites au salon du bois"},"content":{"rendered":"<p>Initi\u00e9 sous le signe \u00a0\u00bbpromotion du patrimoine culturel de l\u2019industrie du bois\u2019\u2019, le 3e salon international du bois expose des oeuvres in\u00e9dites. Inaugur\u00e9e, hier \u00e0 Mekn\u00e8s, cette nouvelle \u00e9dition re\u00e7oit quelque 160 exposants du Maroc et d&rsquo;ailleurs. Pour Mohamed Sajid, ministre du Tourisme, du Transport a\u00e9rien, de l\u2019Artisanat et de l\u2019Economie sociale, \u00ab\u00a0cet \u00e9v\u00e9nement participe \u00e0 la promotion de l&rsquo;authenticit\u00e9 et l&rsquo;originalit\u00e9 des produits de l&rsquo;artisanat marocain. Il constitue \u00e9galement une vitrine pour la capitale isma\u00eflienne qui se d\u00e9marque dans ce domaine\u00a0\u00bb.<\/p>\n<p>M\u00eame son de cloche aupr\u00e8s de Abdelmalek Bouteiyine, pr\u00e9sident de la Chambre r\u00e9gionale d&rsquo;artisanat, initiateur de l&rsquo;\u00e9v\u00e9nement, pour qui cette manifestation tend \u00e0 promouvoir les produits de l&rsquo;artisanat du bois, attirer les investissements \u00e9trangers, relancer le potentiel cr\u00e9atif et artistique des artisans, renforcer l\u2019\u00e9change d&rsquo;exp\u00e9riences et le transfert de savoir-faire.<\/p>\n<p>En tout cas, les artisans y exposent des produits de tr\u00e8s grande\u00a0valeur.<\/p>\n","protected":false},"excerpt":{"rendered":"<p>Initi\u00e9 sous le signe \u00a0\u00bbpromotion du patrimoine culturel de l\u2019industrie du bois\u2019\u2019, le 3e salon international du bois expose des oeuvres in\u00e9dites. Inaugur\u00e9e, hier \u00e0 Mekn\u00e8s, cette nouvelle \u00e9dition re\u00e7oit quelque 160 exposants du Maroc et d&rsquo;ailleurs. Pour Mohamed Sajid, ministre du Tourisme, du Transport a\u00e9rien, de l\u2019Artisanat et de l\u2019Economie sociale, \u00ab\u00a0cet \u00e9v\u00e9nement participe<\/p>\n","protected":false},"author":1,"featured_media":2931,"comment_status":"open","ping_status":"open","sticky":false,"template":"","format":"standard","meta":{"footnotes":""},"categories":[6],"tags":[],"_links":{"self":[{"href":"https:\/\/visit-meknes.com\/fr\/wp-json\/wp\/v2\/posts\/2930"}],"collection":[{"href":"https:\/\/visit-meknes.com\/fr\/wp-json\/wp\/v2\/posts"}],"about":[{"href":"https:\/\/visit-meknes.com\/fr\/wp-json\/wp\/v2\/types\/post"}],"author":[{"embeddable":true,"href":"https:\/\/visit-meknes.com\/fr\/wp-json\/wp\/v2\/users\/1"}],"replies":[{"embeddable":true,"href":"https:\/\/visit-meknes.com\/fr\/wp-json\/wp\/v2\/comments?post=2930"}],"version-history":[{"count":1,"href":"https:\/\/visit-meknes.com\/fr\/wp-json\/wp\/v2\/posts\/2930\/revisions"}],"predecessor-version":[{"id":2932,"href":"https:\/\/visit-meknes.com\/fr\/wp-json\/wp\/v2\/posts\/2930\/revisions\/2932"}],"wp:featuredmedia":[{"embeddable":true,"href":"https:\/\/visit-meknes.com\/fr\/wp-json\/wp\/v2\/media\/2931"}],"wp:attachment":[{"href":"https:\/\/visit-meknes.com\/fr\/wp-json\/wp\/v2\/media?parent=2930"}],"wp:term":[{"taxonomy":"category","embeddable":true,"href":"https:\/\/visit-meknes.com\/fr\/wp-json\/wp\/v2\/categories?post=2930"},{"taxonomy":"post_tag","embeddable":true,"href":"https:\/\/visit-meknes.com\/fr\/wp-json\/wp\/v2\/tags?post=2930"}],"curies":[{"name":"wp","href":"https:\/\/api.w.org\/{rel}","templated":true}]}}