{"id":2917,"date":"2018-10-23T22:46:07","date_gmt":"2018-10-23T22:46:07","guid":{"rendered":"https:\/\/visit-meknes.com\/?p=2917"},"modified":"2018-10-23T22:46:07","modified_gmt":"2018-10-23T22:46:07","slug":"la-convention-cadre-relative-a-la-rehabilitation-de-la-medina-de-meknes-tend-a-creer-des-opportunites-demploi-et-faire-participer-la-population-dg-ader","status":"publish","type":"post","link":"https:\/\/visit-meknes.com\/fr\/la-convention-cadre-relative-a-la-rehabilitation-de-la-medina-de-meknes-tend-a-creer-des-opportunites-demploi-et-faire-participer-la-population-dg-ader\/","title":{"rendered":"La convention cadre relative \u00e0 la r\u00e9habilitation de la m\u00e9dina de Mekn\u00e8s tend \u00e0 cr\u00e9er des opportunit\u00e9s d\u2019emploi et faire participer la population (DG ADER)"},"content":{"rendered":"<p>La convention cadre relative \u00e0 la r\u00e9habilitation et la valorisation de l\u2019ancienne m\u00e9dina de Mekn\u00e8s tend \u00e0 faire participer la population dans l\u2019op\u00e9ration de restauration et cr\u00e9er des opportunit\u00e9s d\u2019emploi, a soulign\u00e9 Fouad Serghini, directeur g\u00e9n\u00e9ral de l\u2019Agence pour le d\u00e9veloppement et la r\u00e9habilitation de la ville de F\u00e8s (ADER).<\/p>\n<p>\u2018\u2019Cette convention, qui mobilisera une enveloppe budg\u00e9taire de 800 millions de DH, vise \u00e0 impliquer la population dans l\u2019op\u00e9ration de restauration et cr\u00e9er des postes d\u2019emploi pour les jeunes, les femmes et les cat\u00e9gories concern\u00e9es directement par le patrimoine\u2019\u2019, a d\u00e9clar\u00e9 M. Serghini \u00e0 la presse, en marge de la c\u00e9r\u00e9monie de signature, lundi \u00e0 Marrakech, de quatre conventions cadre, sous la pr\u00e9sidence de SM le Roi Mohammed VI, \u00e0 l\u2019occasion de la pr\u00e9sentation des programmes de r\u00e9habilitation et de mise en valeur des m\u00e9dinas de Sal\u00e9, Mekn\u00e8s, T\u00e9touan et Essaouira.<\/p>\n<p>La convention cadre relative au programme de r\u00e9habilitation et de valorisation de l\u2019ancienne m\u00e9dina de Mekn\u00e8s, qui touche aux principaux monuments historiques de la cite isma\u00e9lienne, porte sur trois grands axes ayant trait aux monuments historiques, aux parkings et \u00e0 l\u2019accessibilit\u00e9, et \u00e0 l\u2019animation \u00e9conomique, a pr\u00e9cis\u00e9 le responsable.<\/p>\n<p>Et d\u2019ajouter que cette convention permettra de valoriser l\u2019ancienne m\u00e9dina, \u00e0 travers les circuits touristiques et l\u2019am\u00e9nagement de l\u2019espace urbanistique, outre la cr\u00e9ation d\u2019emplois pour les jeunes, les professionnels et les artisans.<\/p>\n<p><strong>MAP<\/strong><\/p>\n","protected":false},"excerpt":{"rendered":"<p>La convention cadre relative \u00e0 la r\u00e9habilitation et la valorisation de l\u2019ancienne m\u00e9dina de Mekn\u00e8s tend \u00e0 faire participer la population dans l\u2019op\u00e9ration de restauration et cr\u00e9er des opportunit\u00e9s d\u2019emploi, a soulign\u00e9 Fouad Serghini, directeur g\u00e9n\u00e9ral de l\u2019Agence pour le d\u00e9veloppement et la r\u00e9habilitation de la ville de F\u00e8s (ADER). \u2018\u2019Cette convention, qui mobilisera une<\/p>\n","protected":false},"author":1,"featured_media":2918,"comment_status":"open","ping_status":"open","sticky":false,"template":"","format":"standard","meta":{"footnotes":""},"categories":[6],"tags":[],"_links":{"self":[{"href":"https:\/\/visit-meknes.com\/fr\/wp-json\/wp\/v2\/posts\/2917"}],"collection":[{"href":"https:\/\/visit-meknes.com\/fr\/wp-json\/wp\/v2\/posts"}],"about":[{"href":"https:\/\/visit-meknes.com\/fr\/wp-json\/wp\/v2\/types\/post"}],"author":[{"embeddable":true,"href":"https:\/\/visit-meknes.com\/fr\/wp-json\/wp\/v2\/users\/1"}],"replies":[{"embeddable":true,"href":"https:\/\/visit-meknes.com\/fr\/wp-json\/wp\/v2\/comments?post=2917"}],"version-history":[{"count":1,"href":"https:\/\/visit-meknes.com\/fr\/wp-json\/wp\/v2\/posts\/2917\/revisions"}],"predecessor-version":[{"id":2919,"href":"https:\/\/visit-meknes.com\/fr\/wp-json\/wp\/v2\/posts\/2917\/revisions\/2919"}],"wp:featuredmedia":[{"embeddable":true,"href":"https:\/\/visit-meknes.com\/fr\/wp-json\/wp\/v2\/media\/2918"}],"wp:attachment":[{"href":"https:\/\/visit-meknes.com\/fr\/wp-json\/wp\/v2\/media?parent=2917"}],"wp:term":[{"taxonomy":"category","embeddable":true,"href":"https:\/\/visit-meknes.com\/fr\/wp-json\/wp\/v2\/categories?post=2917"},{"taxonomy":"post_tag","embeddable":true,"href":"https:\/\/visit-meknes.com\/fr\/wp-json\/wp\/v2\/tags?post=2917"}],"curies":[{"name":"wp","href":"https:\/\/api.w.org\/{rel}","templated":true}]}}