{"id":2914,"date":"2018-10-23T22:43:54","date_gmt":"2018-10-23T22:43:54","guid":{"rendered":"https:\/\/visit-meknes.com\/?p=2914"},"modified":"2018-10-23T22:43:54","modified_gmt":"2018-10-23T22:43:54","slug":"7eme-edition-du-festival-des-pommes-difrane","status":"publish","type":"post","link":"https:\/\/visit-meknes.com\/fr\/7eme-edition-du-festival-des-pommes-difrane\/","title":{"rendered":"7\u00e8me \u00e9dition du Festival des Pommes d\u2019Ifrane"},"content":{"rendered":"<p>La 7<sup>\u00e8me<\/sup>\u00a0\u00e9dition du Festival des Pommiers a eu lieu les \u00a020 et 21 Octobre 2018 sous le th\u00e8me\u00a0: \u00ab\u00a0La num\u00e9risation au service du d\u00e9veloppement de la fili\u00e8re du pommier\u00a0\u00bb.<\/p>\n<p>Selon ses initiateurs, ce festival annuel organis\u00e9 \u00e0 Ifrane a pour objectifs de valoriser les potentialit\u00e9s agro-touristiques de la r\u00e9gion dans le domaine des rosac\u00e9es fruiti\u00e8res dont le pommier en particulier. Il vise aussi \u00e0 instaurer un espace de rencontre et d\u2019\u00e9changes entre les diff\u00e9rents acteurs et professionnels du domaine afin de s\u2019informer, de partager et d\u2019\u00e9changer les bonnes pratiques en mati\u00e8re de production et de valorisation du pommier.<\/p>\n<p>Au Maroc le pommier occupe une superficie de 30 000ha, il repr\u00e9sente 20% de la superficie des rosac\u00e9es fruiti\u00e8res et se pla\u00e7ant au 2<sup>\u00e8me<\/sup>rang des rosac\u00e9es fruiti\u00e8res apr\u00e8s l\u2019amandier plant\u00e9es au Maroc. Mais de toutes les r\u00e9gions du Maroc, celle de F\u00e8s-Mekn\u00e8s est la r\u00e9gion qui tire la plus partie de la manne apport\u00e9e par la culture de la pomme.Elle concentre plus de 50 % de la production nationale et 30%des superficies cultiv\u00e9es du pays. La production moyenne dans la r\u00e9gion est de \u00a0\u00a0355 200T \u00a0avec des rendements moyens de 18 \u00e0 30 T \u00e0 l\u2019hectare.<\/p>\n<p>Aussi\u00a0; il y\u2019a lieu de noter que les zones de production les plus importantes sont localis\u00e9es en zones de hautes et moyennes altitudes du haut et du moyen Atlas, la r\u00e9partition de la superficie montre que la province d\u2019Ifrane occupe la premi\u00e8re place au niveau r\u00e9gional avec 45% de la superficie, suivi par la province de Sefrou\u00a0 avec 28% de la superficie, puis l\u2019El Hajeb et Boulemane.<\/p>\n","protected":false},"excerpt":{"rendered":"<p>La 7\u00e8me\u00a0\u00e9dition du Festival des Pommiers a eu lieu les \u00a020 et 21 Octobre 2018 sous le th\u00e8me\u00a0: \u00ab\u00a0La num\u00e9risation au service du d\u00e9veloppement de la fili\u00e8re du pommier\u00a0\u00bb. Selon ses initiateurs, ce festival annuel organis\u00e9 \u00e0 Ifrane a pour objectifs de valoriser les potentialit\u00e9s agro-touristiques de la r\u00e9gion dans le domaine des rosac\u00e9es fruiti\u00e8res<\/p>\n","protected":false},"author":1,"featured_media":2915,"comment_status":"open","ping_status":"open","sticky":false,"template":"","format":"standard","meta":{"footnotes":""},"categories":[6],"tags":[],"_links":{"self":[{"href":"https:\/\/visit-meknes.com\/fr\/wp-json\/wp\/v2\/posts\/2914"}],"collection":[{"href":"https:\/\/visit-meknes.com\/fr\/wp-json\/wp\/v2\/posts"}],"about":[{"href":"https:\/\/visit-meknes.com\/fr\/wp-json\/wp\/v2\/types\/post"}],"author":[{"embeddable":true,"href":"https:\/\/visit-meknes.com\/fr\/wp-json\/wp\/v2\/users\/1"}],"replies":[{"embeddable":true,"href":"https:\/\/visit-meknes.com\/fr\/wp-json\/wp\/v2\/comments?post=2914"}],"version-history":[{"count":1,"href":"https:\/\/visit-meknes.com\/fr\/wp-json\/wp\/v2\/posts\/2914\/revisions"}],"predecessor-version":[{"id":2916,"href":"https:\/\/visit-meknes.com\/fr\/wp-json\/wp\/v2\/posts\/2914\/revisions\/2916"}],"wp:featuredmedia":[{"embeddable":true,"href":"https:\/\/visit-meknes.com\/fr\/wp-json\/wp\/v2\/media\/2915"}],"wp:attachment":[{"href":"https:\/\/visit-meknes.com\/fr\/wp-json\/wp\/v2\/media?parent=2914"}],"wp:term":[{"taxonomy":"category","embeddable":true,"href":"https:\/\/visit-meknes.com\/fr\/wp-json\/wp\/v2\/categories?post=2914"},{"taxonomy":"post_tag","embeddable":true,"href":"https:\/\/visit-meknes.com\/fr\/wp-json\/wp\/v2\/tags?post=2914"}],"curies":[{"name":"wp","href":"https:\/\/api.w.org\/{rel}","templated":true}]}}