{"id":2882,"date":"2018-10-01T21:04:54","date_gmt":"2018-10-01T21:04:54","guid":{"rendered":"https:\/\/visit-meknes.com\/?p=2882"},"modified":"2018-10-01T21:04:54","modified_gmt":"2018-10-01T21:04:54","slug":"11eme-edition-du-festival-de-fes-de-la-culture-soufie-du-20-au-27-octobre-2018","status":"publish","type":"post","link":"https:\/\/visit-meknes.com\/fr\/11eme-edition-du-festival-de-fes-de-la-culture-soufie-du-20-au-27-octobre-2018\/","title":{"rendered":"11\u00e8me \u00e9dition du Festival de F\u00e8s de la Culture Soufie du 20 au 27 octobre 2018"},"content":{"rendered":"<p><strong>La 11\u00e8me Edition du Festival aura lieu sous le Haut-Patronage de Sa Majest\u00e9 le Roi Mohammed VI du 20 au 27 Octobre 2018.<\/strong><\/p>\n<p>Le Festival a pour objectif de faire d\u00e9couvrir ou red\u00e9couvrir aux Marocains une culture qui est la leur et leur offrir l\u2019acc\u00e8s \u00e0 cette richesse artistique, intellectuelle et spirituelle.<\/p>\n<p>Faire conna\u00eetre \u00e0 l\u2019international une image positive de l\u2019Islam, gr\u00e2ce au langage universel d\u2019ouverture et de paix que pr\u00f4ne la voix spirituelle qui l\u2019habite : le Soufisme.<\/p>\n<p>Via cet \u00e9v\u00e9nement, conforter le positionnement du Maroc dans le dialogue interculturel en jetant un pont entre l\u2019Orient et l\u2019Occident.<\/p>\n<p>Programme et r\u00e9servation :\u00a0<strong><a href=\"http:\/\/www.festivalculturesoufie.com\/\" target=\"_blank\" rel=\"noopener\">www.festivalculturesoufie.com<\/a><\/strong><\/p>\n<p><img decoding=\"async\" class=\"alignnone wp-image-2478\" src=\"https:\/\/hotellerienews.com\/wp-content\/uploads\/2018\/10\/festivalculturesoufie.png\" alt=\"\" width=\"100%\" height=\"1463\" \/><\/p>\n","protected":false},"excerpt":{"rendered":"<p>La 11\u00e8me Edition du Festival aura lieu sous le Haut-Patronage de Sa Majest\u00e9 le Roi Mohammed VI du 20 au 27 Octobre 2018. Le Festival a pour objectif de faire d\u00e9couvrir ou red\u00e9couvrir aux Marocains une culture qui est la leur et leur offrir l\u2019acc\u00e8s \u00e0 cette richesse artistique, intellectuelle et spirituelle. Faire conna\u00eetre \u00e0<\/p>\n","protected":false},"author":1,"featured_media":2883,"comment_status":"open","ping_status":"open","sticky":false,"template":"","format":"standard","meta":{"footnotes":""},"categories":[70,6],"tags":[],"_links":{"self":[{"href":"https:\/\/visit-meknes.com\/fr\/wp-json\/wp\/v2\/posts\/2882"}],"collection":[{"href":"https:\/\/visit-meknes.com\/fr\/wp-json\/wp\/v2\/posts"}],"about":[{"href":"https:\/\/visit-meknes.com\/fr\/wp-json\/wp\/v2\/types\/post"}],"author":[{"embeddable":true,"href":"https:\/\/visit-meknes.com\/fr\/wp-json\/wp\/v2\/users\/1"}],"replies":[{"embeddable":true,"href":"https:\/\/visit-meknes.com\/fr\/wp-json\/wp\/v2\/comments?post=2882"}],"version-history":[{"count":1,"href":"https:\/\/visit-meknes.com\/fr\/wp-json\/wp\/v2\/posts\/2882\/revisions"}],"predecessor-version":[{"id":2884,"href":"https:\/\/visit-meknes.com\/fr\/wp-json\/wp\/v2\/posts\/2882\/revisions\/2884"}],"wp:featuredmedia":[{"embeddable":true,"href":"https:\/\/visit-meknes.com\/fr\/wp-json\/wp\/v2\/media\/2883"}],"wp:attachment":[{"href":"https:\/\/visit-meknes.com\/fr\/wp-json\/wp\/v2\/media?parent=2882"}],"wp:term":[{"taxonomy":"category","embeddable":true,"href":"https:\/\/visit-meknes.com\/fr\/wp-json\/wp\/v2\/categories?post=2882"},{"taxonomy":"post_tag","embeddable":true,"href":"https:\/\/visit-meknes.com\/fr\/wp-json\/wp\/v2\/tags?post=2882"}],"curies":[{"name":"wp","href":"https:\/\/api.w.org\/{rel}","templated":true}]}}