{"id":2879,"date":"2018-09-30T20:00:15","date_gmt":"2018-09-30T20:00:15","guid":{"rendered":"https:\/\/visit-meknes.com\/?p=2879"},"modified":"2018-09-30T20:00:15","modified_gmt":"2018-09-30T20:00:15","slug":"office-marocain-du-tourisme-le-maroc-premiere-destination-non-europeenne-pour-les-francais","status":"publish","type":"post","link":"https:\/\/visit-meknes.com\/fr\/office-marocain-du-tourisme-le-maroc-premiere-destination-non-europeenne-pour-les-francais\/","title":{"rendered":"Office Marocain du Tourisme : \u00ab Le Maroc premi\u00e8re destination non-europ\u00e9enne pour les Fran\u00e7ais \u00bb"},"content":{"rendered":"<p>Pr\u00e9sent \u00e0 l&rsquo;\u00e9dition 2018 de l\u2019IFTM Top Resa, l\u2019Office Marocain du Tourisme se f\u00e9licite des bons chiffres de la fr\u00e9quentation sur le march\u00e9 fran\u00e7ais. Plus de 3,5 millions de Fran\u00e7ais ont visit\u00e9 le Maroc en 2017. Les chiffres du premier semestre 2018 sont bons.<\/p>\n<p>La France reste le premier march\u00e9 pour le Maroc, avec plus de 3,5 millions de touristes accueillis en 2017.<\/p>\n<p>La tendance se confirme au premier semestre 2018, avec une progression de 8% de la fr\u00e9quentation.<\/p>\n<p>\u00ab Le Maroc reste la premi\u00e8re destination non-europ\u00e9enne pour les Fran\u00e7ais \u00bb, souligne Khalid Mimi, directeur France de l\u2019Office Marocain du Tourisme.<\/p>\n<p><strong>L\u2019a\u00e9rien consolid\u00e9 et un hiver en trombe<\/strong><\/p>\n<p>La capacit\u00e9 a\u00e9rienne entre la France-Maroc s\u2019est accrue pour la saison \u00e9t\u00e9 2018, elle va \u00e9galement s\u2019accro\u00eetre de + 18% cet hiver. Easyjet lance trois nouvelles lignes : Toulouse\/Marrakech (3 vols par semaine), Bordeaux\/Essaouira et Lyon\/Agadir.<\/p>\n<p>Transavia augmentera de 45% ses capacit\u00e9s pour 2018\/2019. La compagnie lance un vol hebdomadaire Paris\/ Daklha, Paris\/Rabat (3 vols par semaine) et Nantes\/Casablanca (3vols par semaine).<\/p>\n<p>Ryanair assurera Bordeaux\/F\u00e8s et Brest\/F\u00e8s.<\/p>\n<p>Ensuite, Air Arabia propose un vol B\u00e2le\/ Mulhouse vers Agadir. Enfin, Small Planet Airlines mettra en place un vol Paris\/Agadir.<\/p>\n<p>Le tourisme fran\u00e7ais au Maroc devrait donc bien se porter cet hiver 2018\/2019 encore.<\/p>\n","protected":false},"excerpt":{"rendered":"<p>Pr\u00e9sent \u00e0 l&rsquo;\u00e9dition 2018 de l\u2019IFTM Top Resa, l\u2019Office Marocain du Tourisme se f\u00e9licite des bons chiffres de la fr\u00e9quentation sur le march\u00e9 fran\u00e7ais. Plus de 3,5 millions de Fran\u00e7ais ont visit\u00e9 le Maroc en 2017. Les chiffres du premier semestre 2018 sont bons. La France reste le premier march\u00e9 pour le Maroc, avec plus<\/p>\n","protected":false},"author":1,"featured_media":2880,"comment_status":"open","ping_status":"open","sticky":false,"template":"","format":"standard","meta":{"footnotes":""},"categories":[6],"tags":[],"_links":{"self":[{"href":"https:\/\/visit-meknes.com\/fr\/wp-json\/wp\/v2\/posts\/2879"}],"collection":[{"href":"https:\/\/visit-meknes.com\/fr\/wp-json\/wp\/v2\/posts"}],"about":[{"href":"https:\/\/visit-meknes.com\/fr\/wp-json\/wp\/v2\/types\/post"}],"author":[{"embeddable":true,"href":"https:\/\/visit-meknes.com\/fr\/wp-json\/wp\/v2\/users\/1"}],"replies":[{"embeddable":true,"href":"https:\/\/visit-meknes.com\/fr\/wp-json\/wp\/v2\/comments?post=2879"}],"version-history":[{"count":1,"href":"https:\/\/visit-meknes.com\/fr\/wp-json\/wp\/v2\/posts\/2879\/revisions"}],"predecessor-version":[{"id":2881,"href":"https:\/\/visit-meknes.com\/fr\/wp-json\/wp\/v2\/posts\/2879\/revisions\/2881"}],"wp:featuredmedia":[{"embeddable":true,"href":"https:\/\/visit-meknes.com\/fr\/wp-json\/wp\/v2\/media\/2880"}],"wp:attachment":[{"href":"https:\/\/visit-meknes.com\/fr\/wp-json\/wp\/v2\/media?parent=2879"}],"wp:term":[{"taxonomy":"category","embeddable":true,"href":"https:\/\/visit-meknes.com\/fr\/wp-json\/wp\/v2\/categories?post=2879"},{"taxonomy":"post_tag","embeddable":true,"href":"https:\/\/visit-meknes.com\/fr\/wp-json\/wp\/v2\/tags?post=2879"}],"curies":[{"name":"wp","href":"https:\/\/api.w.org\/{rel}","templated":true}]}}