{"id":2866,"date":"2018-09-12T20:20:25","date_gmt":"2018-09-12T20:20:25","guid":{"rendered":"https:\/\/visit-meknes.com\/?p=2866"},"modified":"2018-09-12T20:20:25","modified_gmt":"2018-09-12T20:20:25","slug":"meknes-cloture-du-15e-festival-international-des-cultures-urbaines","status":"publish","type":"post","link":"https:\/\/visit-meknes.com\/fr\/meknes-cloture-du-15e-festival-international-des-cultures-urbaines\/","title":{"rendered":"Mekn\u00e8s : Cl\u00f4ture du 15\u00e8 Festival international des Cultures urbaines"},"content":{"rendered":"<p>La 15\u00e8 \u00e9dition du Festival international des Cultures urbaines \u201cFreestyle Maroc Urban Dance\u201d s\u2019est achev\u00e9e, dimanche \u00e0 Mekn\u00e8s, en enregistrant une affluence record du public estim\u00e9e \u00e0 pr\u00e8s de 50.000 personnes.<\/p>\n<p><strong>MAP<\/strong><\/p>\n","protected":false},"excerpt":{"rendered":"<p>La 15\u00e8 \u00e9dition du Festival international des Cultures urbaines \u201cFreestyle Maroc Urban Dance\u201d s\u2019est achev\u00e9e, dimanche \u00e0 Mekn\u00e8s, en enregistrant une affluence record du public estim\u00e9e \u00e0 pr\u00e8s de 50.000 personnes. MAP<\/p>\n","protected":false},"author":1,"featured_media":2867,"comment_status":"open","ping_status":"open","sticky":false,"template":"","format":"standard","meta":{"footnotes":""},"categories":[6],"tags":[],"_links":{"self":[{"href":"https:\/\/visit-meknes.com\/fr\/wp-json\/wp\/v2\/posts\/2866"}],"collection":[{"href":"https:\/\/visit-meknes.com\/fr\/wp-json\/wp\/v2\/posts"}],"about":[{"href":"https:\/\/visit-meknes.com\/fr\/wp-json\/wp\/v2\/types\/post"}],"author":[{"embeddable":true,"href":"https:\/\/visit-meknes.com\/fr\/wp-json\/wp\/v2\/users\/1"}],"replies":[{"embeddable":true,"href":"https:\/\/visit-meknes.com\/fr\/wp-json\/wp\/v2\/comments?post=2866"}],"version-history":[{"count":1,"href":"https:\/\/visit-meknes.com\/fr\/wp-json\/wp\/v2\/posts\/2866\/revisions"}],"predecessor-version":[{"id":2868,"href":"https:\/\/visit-meknes.com\/fr\/wp-json\/wp\/v2\/posts\/2866\/revisions\/2868"}],"wp:featuredmedia":[{"embeddable":true,"href":"https:\/\/visit-meknes.com\/fr\/wp-json\/wp\/v2\/media\/2867"}],"wp:attachment":[{"href":"https:\/\/visit-meknes.com\/fr\/wp-json\/wp\/v2\/media?parent=2866"}],"wp:term":[{"taxonomy":"category","embeddable":true,"href":"https:\/\/visit-meknes.com\/fr\/wp-json\/wp\/v2\/categories?post=2866"},{"taxonomy":"post_tag","embeddable":true,"href":"https:\/\/visit-meknes.com\/fr\/wp-json\/wp\/v2\/tags?post=2866"}],"curies":[{"name":"wp","href":"https:\/\/api.w.org\/{rel}","templated":true}]}}