{"id":2862,"date":"2018-08-17T21:39:23","date_gmt":"2018-08-17T21:39:23","guid":{"rendered":"https:\/\/visit-meknes.com\/?p=2862"},"modified":"2018-08-17T21:39:23","modified_gmt":"2018-08-17T21:39:23","slug":"800-artistes-au-festival-international-des-cultures-urbains-de-meknes","status":"publish","type":"post","link":"https:\/\/visit-meknes.com\/fr\/800-artistes-au-festival-international-des-cultures-urbains-de-meknes\/","title":{"rendered":"800 artistes au Festival International des Cultures Urbains de Mekn\u00e8s"},"content":{"rendered":"<p>Mekn\u00e8s abrite, du 1er au 9 septembre, la 15\u00e8me \u00e9dition du Festival International des Cultures Urbains \u00ab Freestyle Maroc Urban Dance \u00bb. Un \u00e9v\u00e9nement qui accueille 800 artistes originaires d\u2019une dizaine de pays, dont la rappeuse marocaine Soultana.<\/p>\n<p>L\u2019art urbain va faire vibrer Mekn\u00e8s, du 1er au 9 septembre, avec la 15\u00e8me \u00e9dition du Festival International des Cultures Urbains \u00ab Freestyle Maroc Urban Dance \u00bb. Pour ce rendez-vous port\u00e9 par l\u2019Association espoir jeunesse Maroc Freestyle Urban Dance, 800 artistes et danseurs, venant d\u2019une dizaine de pays, sont attendus. Il s\u2019agit du \u00ab plus important festival dans sa cat\u00e9gorie Comp\u00e9tition et Formation en Cultures Urbaines au Maroc \u00bb, comme l\u2019explique l\u2019organisation dans un communiqu\u00e9, pr\u00e9cisant aussi qu\u2019un programme sp\u00e9cial a \u00e9t\u00e9 concoct\u00e9 pour 5 000 jeunes et enfants d\u00e9favoris\u00e9s issus des quartiers populaires de Mekn\u00e8s et sa r\u00e9gion, qui pourront ainsi plonger, le temps du festival, dans le milieu pop urbain. Durant ces 9 jours \u00e9galement, des r\u00e9sidences d\u2019artistes, des ateliers de formation, des spectacles de rue, des soir\u00e9es artistiques, une exposition et treize comp\u00e9titions autour des diff\u00e9rents arts et sports urbains. Pour les d\u00e9partager, des experts marocains et \u00e9trangers originaire d\u2019Allemagne, Belgique, Espagne France, Portugal, Italie et du Japon. Parmi eux notamment, la rappeuse marocaine Soultana, les danseurs de breakdance fran\u00e7ais et japonais Abd-L et Jery ou encore le Marocain sp\u00e9cialiste du freestyle foot Dardour. Et cette ann\u00e9e, des graffeurs marocains et \u00e9trangers s\u2019attaqueront \u00e0 l\u2019une des fa\u00e7ades du centre-ville pour y dessiner une s\u00e9rie de fresques \u00e0 couper le souffle.<\/p>\n<p><img decoding=\"async\" src=\"http:\/\/femmesdumaroc.com\/wp-content\/uploads\/2018\/08\/Mekne%CC%80s-Affiche-papier.jpg\" \/><\/p>\n","protected":false},"excerpt":{"rendered":"<p>Mekn\u00e8s abrite, du 1er au 9 septembre, la 15\u00e8me \u00e9dition du Festival International des Cultures Urbains \u00ab Freestyle Maroc Urban Dance \u00bb. Un \u00e9v\u00e9nement qui accueille 800 artistes originaires d\u2019une dizaine de pays, dont la rappeuse marocaine Soultana. L\u2019art urbain va faire vibrer Mekn\u00e8s, du 1er au 9 septembre, avec la 15\u00e8me \u00e9dition du Festival<\/p>\n","protected":false},"author":1,"featured_media":2863,"comment_status":"open","ping_status":"open","sticky":false,"template":"","format":"standard","meta":{"footnotes":""},"categories":[70,6],"tags":[],"_links":{"self":[{"href":"https:\/\/visit-meknes.com\/fr\/wp-json\/wp\/v2\/posts\/2862"}],"collection":[{"href":"https:\/\/visit-meknes.com\/fr\/wp-json\/wp\/v2\/posts"}],"about":[{"href":"https:\/\/visit-meknes.com\/fr\/wp-json\/wp\/v2\/types\/post"}],"author":[{"embeddable":true,"href":"https:\/\/visit-meknes.com\/fr\/wp-json\/wp\/v2\/users\/1"}],"replies":[{"embeddable":true,"href":"https:\/\/visit-meknes.com\/fr\/wp-json\/wp\/v2\/comments?post=2862"}],"version-history":[{"count":1,"href":"https:\/\/visit-meknes.com\/fr\/wp-json\/wp\/v2\/posts\/2862\/revisions"}],"predecessor-version":[{"id":2864,"href":"https:\/\/visit-meknes.com\/fr\/wp-json\/wp\/v2\/posts\/2862\/revisions\/2864"}],"wp:featuredmedia":[{"embeddable":true,"href":"https:\/\/visit-meknes.com\/fr\/wp-json\/wp\/v2\/media\/2863"}],"wp:attachment":[{"href":"https:\/\/visit-meknes.com\/fr\/wp-json\/wp\/v2\/media?parent=2862"}],"wp:term":[{"taxonomy":"category","embeddable":true,"href":"https:\/\/visit-meknes.com\/fr\/wp-json\/wp\/v2\/categories?post=2862"},{"taxonomy":"post_tag","embeddable":true,"href":"https:\/\/visit-meknes.com\/fr\/wp-json\/wp\/v2\/tags?post=2862"}],"curies":[{"name":"wp","href":"https:\/\/api.w.org\/{rel}","templated":true}]}}