{"id":2852,"date":"2018-08-03T10:26:40","date_gmt":"2018-08-03T10:26:40","guid":{"rendered":"https:\/\/visit-meknes.com\/?p=2852"},"modified":"2018-08-03T10:26:40","modified_gmt":"2018-08-03T10:26:40","slug":"levolution-du-secteur-touristique-au-centre-dune-rencontre-a-fes","status":"publish","type":"post","link":"https:\/\/visit-meknes.com\/fr\/levolution-du-secteur-touristique-au-centre-dune-rencontre-a-fes\/","title":{"rendered":"L\u2019\u00e9volution du secteur touristique au centre d\u2019une rencontre \u00e0 F\u00e8s"},"content":{"rendered":"<p>Une rencontre ax\u00e9e sur l\u2019\u00e9volution du secteur touristique dans la cit\u00e9 idrisside a \u00e9t\u00e9 organis\u00e9e, r\u00e9cemment, \u00e0 l\u2019initiative de la wilaya de F\u00e8s-Mekn\u00e8s.<\/p>\n<p>Cette rencontre, pr\u00e9sid\u00e9e par le wali de la r\u00e9gion F\u00e8s-Mekn\u00e8s, gouverneur de la pr\u00e9fecture de F\u00e8s, Said Zniber, et \u00e0 laquelle ont pris part des professionnels du secteur, a port\u00e9 sur l\u2019\u00e9volution de l\u2019activit\u00e9 touristique au niveau de la ville de F\u00e8s, l\u2019\u00e9tat des lieux du secteur et les mesures \u00e0 m\u00eame d\u2019\u00e9riger la capitale spirituelle en destination de s\u00e9jour.<\/p>\n<p>S\u2019exprimant \u00e0 cette occasion, le d\u00e9l\u00e9gu\u00e9 r\u00e9gional du tourisme, Abdellah Lamniai, a pass\u00e9 en revue l\u2019\u00e9volution des indicateurs dans les \u00e9tablissements h\u00f4teliers class\u00e9s de F\u00e8s durant la p\u00e9riode 2010-2017, notant que l\u2019ann\u00e9e 2017 a enregistr\u00e9, en comparaison avec 2016, une augmentation \u2018\u2019tr\u00e8s importante\u2019\u2019 en nombre d\u2019arriv\u00e9es et de nuit\u00e9es touristiques, avec un taux de variation de l\u2019ordre de 43% au niveau des arriv\u00e9es, soit 150.750 touristes de plus, et 39% au niveau des nuit\u00e9es, soit 264.697 nuit\u00e9es de plus, rapporte la MAP.<\/p>\n<p>Mettant l\u2019accent sur la place de choix qu\u2019occupe la ville de F\u00e8s, M. Lamniai a soulign\u00e9 que les march\u00e9s traditionnels de F\u00e8s, \u00e0 savoir fran\u00e7ais et italien, bien qu\u2019ils aient r\u00e9alis\u00e9 de bons r\u00e9sultats en 2017 et 2018, sont \u2018\u2019encore loin\u2019\u2019 de concr\u00e9tiser leurs performances de l\u2019ann\u00e9e 2010.<\/p>\n<p>Il a aussi fait part de l\u2019investissement dans les projets touristiques au niveau de la ville de F\u00e8s, ajoutant que 2018 a connu l\u2019ouverture de deux unit\u00e9s h\u00f4teli\u00e8res de taille, totalisant une capacit\u00e9 de 266 lits et un montant d\u2019investissement global de pr\u00e8s de 300 millions de DH, avec un nombre d\u2019emplois cr\u00e9\u00e9s de l\u2019ordre de 140 postes directs, outre des Maisons d\u2019h\u00f4tes.<\/p>\n<p>Le d\u00e9l\u00e9gu\u00e9 r\u00e9gional du tourisme a aussi fait savoir que huit autres projets touristiques d\u2019une capacit\u00e9 de 1.500 lits, d\u2019un investissement de pr\u00e8s de 1,0275 milliard de DH sont en cours de r\u00e9alisation.<\/p>\n<p>De son c\u00f4t\u00e9, le directeur d\u00e9l\u00e9gu\u00e9 de l\u2019a\u00e9roport F\u00e8s-Saiss, Noureddine Larheni, a donn\u00e9 un aper\u00e7u sur le nouveau terminal de l\u2019a\u00e9roport de F\u00e8s qui s\u2019\u00e9tend sur une superficie de 17.000 m\u00b2 portant la superficie globale de l\u2019a\u00e9roport \u00e0 22.600m\u00b2, ce qui multiplie par cinq la capacit\u00e9 par rapport \u00e0 l\u2019ancienne a\u00e9rogare, passant de 500.000 \u00e0 2,5 millions de passagers par an.<\/p>\n<p>Le trafic a\u00e9rien \u00e0 l\u2019a\u00e9roport F\u00e8s-Sa\u00efss a connu entre 2006 et 2016 une croissance soutenue \u00e0 deux chiffres, avec une moyenne annuelle d\u2019\u00e9volution de plus de 13 %, a-t-il soulign\u00e9, ajoutant que le nombre des passagers ayant transit\u00e9 par l\u2019a\u00e9roport a plus que tripl\u00e9 en moins de 10 ans, en passant de 228.399 passagers en 2006 \u00e0 892.974 en 2016.<\/p>\n","protected":false},"excerpt":{"rendered":"<p>Une rencontre ax\u00e9e sur l\u2019\u00e9volution du secteur touristique dans la cit\u00e9 idrisside a \u00e9t\u00e9 organis\u00e9e, r\u00e9cemment, \u00e0 l\u2019initiative de la wilaya de F\u00e8s-Mekn\u00e8s. Cette rencontre, pr\u00e9sid\u00e9e par le wali de la r\u00e9gion F\u00e8s-Mekn\u00e8s, gouverneur de la pr\u00e9fecture de F\u00e8s, Said Zniber, et \u00e0 laquelle ont pris part des professionnels du secteur, a port\u00e9 sur l\u2019\u00e9volution<\/p>\n","protected":false},"author":1,"featured_media":2853,"comment_status":"open","ping_status":"open","sticky":false,"template":"","format":"standard","meta":{"footnotes":""},"categories":[6],"tags":[],"_links":{"self":[{"href":"https:\/\/visit-meknes.com\/fr\/wp-json\/wp\/v2\/posts\/2852"}],"collection":[{"href":"https:\/\/visit-meknes.com\/fr\/wp-json\/wp\/v2\/posts"}],"about":[{"href":"https:\/\/visit-meknes.com\/fr\/wp-json\/wp\/v2\/types\/post"}],"author":[{"embeddable":true,"href":"https:\/\/visit-meknes.com\/fr\/wp-json\/wp\/v2\/users\/1"}],"replies":[{"embeddable":true,"href":"https:\/\/visit-meknes.com\/fr\/wp-json\/wp\/v2\/comments?post=2852"}],"version-history":[{"count":1,"href":"https:\/\/visit-meknes.com\/fr\/wp-json\/wp\/v2\/posts\/2852\/revisions"}],"predecessor-version":[{"id":2854,"href":"https:\/\/visit-meknes.com\/fr\/wp-json\/wp\/v2\/posts\/2852\/revisions\/2854"}],"wp:featuredmedia":[{"embeddable":true,"href":"https:\/\/visit-meknes.com\/fr\/wp-json\/wp\/v2\/media\/2853"}],"wp:attachment":[{"href":"https:\/\/visit-meknes.com\/fr\/wp-json\/wp\/v2\/media?parent=2852"}],"wp:term":[{"taxonomy":"category","embeddable":true,"href":"https:\/\/visit-meknes.com\/fr\/wp-json\/wp\/v2\/categories?post=2852"},{"taxonomy":"post_tag","embeddable":true,"href":"https:\/\/visit-meknes.com\/fr\/wp-json\/wp\/v2\/tags?post=2852"}],"curies":[{"name":"wp","href":"https:\/\/api.w.org\/{rel}","templated":true}]}}