{"id":2844,"date":"2018-07-19T21:32:11","date_gmt":"2018-07-19T21:32:11","guid":{"rendered":"https:\/\/visit-meknes.com\/?p=2844"},"modified":"2018-07-25T20:24:15","modified_gmt":"2018-07-25T20:24:15","slug":"meknes-les-musees-borj-bel-kari-et-dar-jamai-seront-rouverts-fin-2019-mehdi-qotbi","status":"publish","type":"post","link":"https:\/\/visit-meknes.com\/fr\/meknes-les-musees-borj-bel-kari-et-dar-jamai-seront-rouverts-fin-2019-mehdi-qotbi\/","title":{"rendered":"Mehdi Qotbi : \u00abLes Mus\u00e9es Borj Bel Kari et Dar Jama\u00ef \u00e0 Mekn\u00e8s seront rouverts fin 2019\u00bb"},"content":{"rendered":"<blockquote><p>Les Mus\u00e9es Borj Bel Kari et Dar Jama\u00ef \u00e0 Mekn\u00e8s, qui font l\u2019objet de travaux de r\u00e9novation, seront rouverts fin 2019, a annonc\u00e9 le pr\u00e9sident de la Fondation nationale des mus\u00e9es (FNM), Mehdi Qotbi.<\/p><\/blockquote>\n<p>\u00abLes travaux de r\u00e9novation de Dar Jamai ont atteint les 80%, tandis que pour le Mus\u00e9e de Borj Bel Kari, il reste l\u2019\u00e9tape de la sc\u00e9nographie\u00bb, a d\u00e9clar\u00e9 \u00e0 la MAP M. Qotbi, qui a effectu\u00e9 mardi une visite aux deux sites pour s\u2019informer de l\u2019\u00e9tat d\u2019avancement des travaux de mise \u00e0 niveau de ces joyaux architecturaux. Cette visite s\u2019inscrit dans le cadre de la politique de la FNM visant la valorisation du patrimoine mus\u00e9ographique national, en faisant des mus\u00e9es des espaces publics accueillants et attractifs, conform\u00e9ment aux Hautes Instructions de S.M. le Roi Mohammed VI, a-t-il ajout\u00e9. Des explications techniques et architecturales sur les \u00e9tapes parcourues dans les deux chantiers ont \u00e9t\u00e9 pr\u00e9sent\u00e9es lors de cette visite, qui s\u2019est d\u00e9roul\u00e9e notamment en pr\u00e9sence du wali de la r\u00e9gion de F\u00e8s-Mekn\u00e8s, Said Zniber, et du gouverneur de la pr\u00e9fecture de Mekn\u00e8s, Abdelghni Sebbar.<\/p>\n<p>Le Mus\u00e9e Borj Bel Kari, consacr\u00e9 \u00e0 la poterie du Rif et du Pr\u00e9-Rif, a ouvert ses portes en 2004. Le Mus\u00e9e tient son nom de Borj Bel Kari, qui fait partie de la c\u00e9l\u00e8bre muraille Isma\u00e9lienne construite par le Sultan Moulay Ismail (1672-1727) qui a eu un r\u00f4le important dans le syst\u00e8me d\u00e9fensif de la ville. Vu son importance historique et architecturale, le bastion de Borj Bel Kari a \u00e9t\u00e9 class\u00e9 monument historique d\u00e8s 1932.<\/p>\n<p>Le Mus\u00e9e abrite une importante collection de poterie du Rif et du Pr\u00e9-Rif, constitu\u00e9e en 2003 gr\u00e2ce \u00e0 des \u00e9changes entre d\u2019autres mus\u00e9es et des acquisitions aupr\u00e8s d\u2019ateliers de poterie. La collection permanente est compos\u00e9e de poteries pr\u00e9historiques, antiques et islamiques, venues des quatre coins du Royaume.<\/p>\n<p>Le Mus\u00e9e Dar Jama\u00ef, lui, est \u00e0 l\u2019origine une r\u00e9sidence priv\u00e9e construite en 1882. De type hispano-mauresque, ce majestueux palais appartenait \u00e0 Mohamed Ben Larbi Jama\u00ef, grand vizir du Sultan Moulay Hassan Ier (1873-1894). C\u2019est en 1920 que le b\u00e2timent est attribu\u00e9 dans sa totalit\u00e9 \u00e0 l\u2019Inspection r\u00e9gionale des beaux-arts qui le transforme en Mus\u00e9e, avec une importante galerie d\u2019artisanat. Depuis, Dar Jama\u00ef est class\u00e9 monument historique, et la majeure partie de sa collection est constitu\u00e9e d\u2019objets datant des 19e et 20e si\u00e8cles. Les collections de Dar Jama\u00ef sont constitu\u00e9es d\u2019objets ethnographiques r\u00e9alis\u00e9s dans diff\u00e9rents mat\u00e9riaux (bois, textile, c\u00e9ramique, m\u00e9tal, cuir, papier). Les premiers fonds datent de 1917, et ont \u00e9t\u00e9 enrichis par l\u2019acquisition de quelques tapis entre 1980 et 1990, qui t\u00e9moignent du savoir-faire artisanal de Mekn\u00e8s et de sa r\u00e9gion.<\/p>\n","protected":false},"excerpt":{"rendered":"<p>Les Mus\u00e9es Borj Bel Kari et Dar Jama\u00ef \u00e0 Mekn\u00e8s, qui font l\u2019objet de travaux de r\u00e9novation, seront rouverts fin 2019, a annonc\u00e9 le pr\u00e9sident de la Fondation nationale des mus\u00e9es (FNM), Mehdi Qotbi. \u00abLes travaux de r\u00e9novation de Dar Jamai ont atteint les 80%, tandis que pour le Mus\u00e9e de Borj Bel Kari, il<\/p>\n","protected":false},"author":1,"featured_media":2845,"comment_status":"open","ping_status":"open","sticky":false,"template":"","format":"standard","meta":{"footnotes":""},"categories":[6],"tags":[],"_links":{"self":[{"href":"https:\/\/visit-meknes.com\/fr\/wp-json\/wp\/v2\/posts\/2844"}],"collection":[{"href":"https:\/\/visit-meknes.com\/fr\/wp-json\/wp\/v2\/posts"}],"about":[{"href":"https:\/\/visit-meknes.com\/fr\/wp-json\/wp\/v2\/types\/post"}],"author":[{"embeddable":true,"href":"https:\/\/visit-meknes.com\/fr\/wp-json\/wp\/v2\/users\/1"}],"replies":[{"embeddable":true,"href":"https:\/\/visit-meknes.com\/fr\/wp-json\/wp\/v2\/comments?post=2844"}],"version-history":[{"count":2,"href":"https:\/\/visit-meknes.com\/fr\/wp-json\/wp\/v2\/posts\/2844\/revisions"}],"predecessor-version":[{"id":2847,"href":"https:\/\/visit-meknes.com\/fr\/wp-json\/wp\/v2\/posts\/2844\/revisions\/2847"}],"wp:featuredmedia":[{"embeddable":true,"href":"https:\/\/visit-meknes.com\/fr\/wp-json\/wp\/v2\/media\/2845"}],"wp:attachment":[{"href":"https:\/\/visit-meknes.com\/fr\/wp-json\/wp\/v2\/media?parent=2844"}],"wp:term":[{"taxonomy":"category","embeddable":true,"href":"https:\/\/visit-meknes.com\/fr\/wp-json\/wp\/v2\/categories?post=2844"},{"taxonomy":"post_tag","embeddable":true,"href":"https:\/\/visit-meknes.com\/fr\/wp-json\/wp\/v2\/tags?post=2844"}],"curies":[{"name":"wp","href":"https:\/\/api.w.org\/{rel}","templated":true}]}}