{"id":2837,"date":"2018-07-12T21:47:01","date_gmt":"2018-07-12T21:47:01","guid":{"rendered":"https:\/\/visit-meknes.com\/?p=2837"},"modified":"2018-07-12T21:47:01","modified_gmt":"2018-07-12T21:47:01","slug":"la-foire-regionale-dartisanat-du-20-juillet-au-20-aout-a-ifrane","status":"publish","type":"post","link":"https:\/\/visit-meknes.com\/fr\/la-foire-regionale-dartisanat-du-20-juillet-au-20-aout-a-ifrane\/","title":{"rendered":"La Foire r\u00e9gionale d\u2019artisanat du 20 juillet au 20 ao\u00fbt \u00e0 Ifrane"},"content":{"rendered":"<p>Une foire r\u00e9gionale des produits d\u2019artisanat aura lieu du 20 juillet au 20 ao\u00fbt prochain \u00e0 Ifrane, \u00e0 l\u2019initiative de la Chambre d\u2019artisanat de la r\u00e9gion F\u00e8s-Mekn\u00e8s.<\/p>\n<p>Initi\u00e9e en partenariat avec la fondation \u00abMaison de l\u2019artisan\u00bb, cette manifestation conna\u00eet la participation de 180 exposants de diff\u00e9rentes pr\u00e9fectures et provinces de la r\u00e9gion F\u00e8s-Mekn\u00e8s.<\/p>\n<p>La foire vise \u00e0 mettre en valeur les diverses composantes artistiques et cr\u00e9atives du secteur de l\u2019artisanat, encourager les professionnels \u00e0 faire preuve d\u2019innovation et d\u2019excellence et contribuer au d\u00e9veloppement socio-\u00e9conomique de la r\u00e9gion.<\/p>\n<p>\u00c9tal\u00e9e sur trois \u00e9tapes, cette initiative offre aux artisans l\u2019opportunit\u00e9 d\u2019exposer leurs derni\u00e8res cr\u00e9ations, d\u2019\u00e9couler leurs produits et de remplir leur carnet de commandes, surtout durant cette p\u00e9riode estivale qui conna\u00eet une grande affluence des visiteurs, particuli\u00e8rement des Marocains du monde.<\/p>\n","protected":false},"excerpt":{"rendered":"<p>Une foire r\u00e9gionale des produits d\u2019artisanat aura lieu du 20 juillet au 20 ao\u00fbt prochain \u00e0 Ifrane, \u00e0 l\u2019initiative de la Chambre d\u2019artisanat de la r\u00e9gion F\u00e8s-Mekn\u00e8s. Initi\u00e9e en partenariat avec la fondation \u00abMaison de l\u2019artisan\u00bb, cette manifestation conna\u00eet la participation de 180 exposants de diff\u00e9rentes pr\u00e9fectures et provinces de la r\u00e9gion F\u00e8s-Mekn\u00e8s. La foire<\/p>\n","protected":false},"author":1,"featured_media":2838,"comment_status":"open","ping_status":"open","sticky":false,"template":"","format":"standard","meta":{"footnotes":""},"categories":[70,6],"tags":[],"_links":{"self":[{"href":"https:\/\/visit-meknes.com\/fr\/wp-json\/wp\/v2\/posts\/2837"}],"collection":[{"href":"https:\/\/visit-meknes.com\/fr\/wp-json\/wp\/v2\/posts"}],"about":[{"href":"https:\/\/visit-meknes.com\/fr\/wp-json\/wp\/v2\/types\/post"}],"author":[{"embeddable":true,"href":"https:\/\/visit-meknes.com\/fr\/wp-json\/wp\/v2\/users\/1"}],"replies":[{"embeddable":true,"href":"https:\/\/visit-meknes.com\/fr\/wp-json\/wp\/v2\/comments?post=2837"}],"version-history":[{"count":1,"href":"https:\/\/visit-meknes.com\/fr\/wp-json\/wp\/v2\/posts\/2837\/revisions"}],"predecessor-version":[{"id":2839,"href":"https:\/\/visit-meknes.com\/fr\/wp-json\/wp\/v2\/posts\/2837\/revisions\/2839"}],"wp:featuredmedia":[{"embeddable":true,"href":"https:\/\/visit-meknes.com\/fr\/wp-json\/wp\/v2\/media\/2838"}],"wp:attachment":[{"href":"https:\/\/visit-meknes.com\/fr\/wp-json\/wp\/v2\/media?parent=2837"}],"wp:term":[{"taxonomy":"category","embeddable":true,"href":"https:\/\/visit-meknes.com\/fr\/wp-json\/wp\/v2\/categories?post=2837"},{"taxonomy":"post_tag","embeddable":true,"href":"https:\/\/visit-meknes.com\/fr\/wp-json\/wp\/v2\/tags?post=2837"}],"curies":[{"name":"wp","href":"https:\/\/api.w.org\/{rel}","templated":true}]}}