{"id":2834,"date":"2018-07-10T23:51:00","date_gmt":"2018-07-10T23:51:00","guid":{"rendered":"https:\/\/visit-meknes.com\/?p=2834"},"modified":"2018-07-10T23:51:00","modified_gmt":"2018-07-10T23:51:00","slug":"compte-rendu-de-la-reunion-periodique-et-statutaire-du-bureau-du-cptm","status":"publish","type":"post","link":"https:\/\/visit-meknes.com\/fr\/compte-rendu-de-la-reunion-periodique-et-statutaire-du-bureau-du-cptm\/","title":{"rendered":"Compte rendu de la r\u00e9union p\u00e9riodique et statutaire du Bureau du CPTM"},"content":{"rendered":"<h3>Date<\/h3>\n<p>Mercredi 16 mai 2018<\/p>\n<p><strong>Heure<\/strong> 16h00<\/p>\n<h3>Lieu<\/h3>\n<p>Si\u00e8ge du CPTM Objet R\u00e9union p\u00e9riodique et statutaire du Bureau du CPTM<\/p>\n<h3>Participants<\/h3>\n<ul>\n<li>M. Ahmed KHEMLICHI<\/li>\n<li>M. Adil TERRAB<\/li>\n<li>M. Nidal LAHLOU<\/li>\n<li>M. Nasser Eddine EL OUADRHIRI<\/li>\n<li>M. Hamid BENNOUNA<\/li>\n<li>M. Mohammed ISMAILI<\/li>\n<li>M. Younes BENNOUNA<\/li>\n<li>M. Hafid LAMRANI<\/li>\n<li>M. Mustapha OUAZAINE<\/li>\n<li>M. Rachid IHDEME<\/li>\n<\/ul>\n<h3>Ordre du jour<\/h3>\n<ul>\n<li>Partenariat ONMT\/CPTM ;<\/li>\n<li>PRECOM : r\u00e9alisations et projections<\/li>\n<li>FITAM : mise en \u0153uvre des recommandations 2017 ;<\/li>\n<li>Bilan d\u2019\u00e9tape CPTM depuis la restructuration : teneur du rapport y aff\u00e9rent ;<\/li>\n<li>Assembl\u00e9e G\u00e9n\u00e9rale Constitutive de l\u2019ARIH F\u00e8s-Mekn\u00e8s tenue \u00e0 F\u00e8s le 08 Mai 2018 ;<\/li>\n<li>R\u00e9gularisation de la situation statutaire des Associations Professionnelles Pr\u00e9fectorales ;<\/li>\n<li>Pr\u00e9paration de l\u2019Assembl\u00e9e G\u00e9n\u00e9rale du CPTM ;<\/li>\n<li>Refonte des Statuts et \u00e9laboration du R\u00e8glement int\u00e9rieur du CPTM ;<\/li>\n<li>Assembl\u00e9e G\u00e9n\u00e9rale Constitutive du CRT F\u00e8s-Mekn\u00e8s.<\/li>\n<\/ul>\n<h3>Intervention de M. Ahmed SENTISSI<\/h3>\n<p>Avant l\u2019entame de la R\u00e9union, M. Ahmed SENTISSI Pr\u00e9sident de l\u2019Association des Restaurateurs de F\u00e8s est intervenu, sur sa demande, pour pr\u00e9senter sa version \u00abdes \u00e9v\u00e9nements ayant eu lieu lors de l\u2019AGO liquidative du CRT F\u00e8s Bouleman en date de 10 Mai 2018\u00bb. Il a affirm\u00e9 que l\u2019ordre du jour \u00ab de cette r\u00e9union\u2026ne comporter \u00e0 aucun moment l\u2019\u00e9lection d\u2019un nouveau comit\u00e9 \u00bb. Ce qui a pousser \u00ab tout les Pr\u00e9sidents des Associations, les \u00e9lus, etc\u2026de quitter la salle \u00bb. Il a conclu en affirmant que \u00ab le Tourisme dans la R\u00e9gion F\u00e8s-Mekn\u00e8s a besoin de changement\u2026et a besoin d\u2019\u00eatre construit par l\u2019ensemble des Provinces de notre R\u00e9gion \u00bb. A noter que cette version a fait l\u2019objet d\u2019un communiqu\u00e9 de presse sign\u00e9 par les Pr\u00e9sidents des Associations professionnelles de F\u00e8s.<\/p>\n<h3>D\u00e9roul\u00e9 de la R\u00e9union<\/h3>\n<p><strong>Partenariat ONMT\/CPTM :<\/strong> L\u2019assistance s\u2019est f\u00e9licit\u00e9e de l\u2019Accord Cadre et la Convention de Partenariat qui r\u00e9git la collaboration entre l\u2019ONMT et le CPTM visant la r\u00e9alisation d\u2019outils de promotion au titre de l\u2019exercice 2017 et dont le plan d\u2019action est reconduit \u00e0 l\u2019exercice 2018. Les documents y aff\u00e9rent sont en instance de signature par les deux parties.<\/p>\n<p><strong>PRECOM\/R\u00e9alisations et Projections :<\/strong> Un rappel a \u00e9t\u00e9 fait des travaux r\u00e9cents r\u00e9alis\u00e9s par PRECOM, fournisseur en mati\u00e8re du mat\u00e9riel publi-promotionnel du CPTM, consistant \u00e0 l\u2019\u00e9dition de la brochure touristique, du guide touristique et de la carte touristique en versions Fran\u00e7aise, Anglaise et Espagnole, ainsi que la confection des Roll up en version Fran\u00e7aise, Anglaise et Arabe. Les membres du Bureau ont ensuite valid\u00e9 les projets programm\u00e9s, notamment, l\u2019\u00e9dition de la carte touristique qui sera autofinanc\u00e9e par la publicit\u00e9, la refonte du site web du CPTM et la r\u00e9alisation de l\u2019application mobile de g\u00e9olocalisation.<\/p>\n<p><strong>FITAM\/Mise en \u0153uvre des Recommandations 2017 :<\/strong> Il a \u00e9t\u00e9 rappel\u00e9 l\u2019organisation de la deuxi\u00e8me \u00e9dition du forum FITAM 2017 les 14 et 15 septembre dont la th\u00e9matique \u00e9tait \u00ab Pour un d\u00e9veloppement touristique durable et responsable \u00bb. A l\u2019issue du forum, des recommandations ont \u00e9t\u00e9 \u00e9mises dont le suivi a \u00e9t\u00e9 confi\u00e9 au CPTM. Aussi M. le D\u00e9l\u00e9gu\u00e9 du Tourisme a propos\u00e9 l\u2019instruction de ces recommandations par une commission tripartite compos\u00e9e de l\u2019Association ISMAILIA AL KOBRA, la DRTM et le CPTM.<\/p>\n<p><strong>Bilan d\u2019\u00e9tape CPTM depuis la restructuration\/Teneur du rapport y aff\u00e9rent :<\/strong> L\u2019assistance a appr\u00e9ci\u00e9 la proposition de la Direction d\u2019\u00e9tablir un bilan d\u2019\u00e9tape des activit\u00e9s du CPTM depuis sa constitution et particuli\u00e8rement depuis sa restructuration. Ce bilan sera consign\u00e9 dans un rapport dont la teneur a \u00e9t\u00e9 valid\u00e9e par l\u2019assistance.<\/p>\n<p><strong>Assembl\u00e9e G\u00e9n\u00e9rale Constitutive de l\u2019ARIH F\u00e8s-Mekn\u00e8s tenue \u00e0 F\u00e8s le 08 Mai 2018 :<\/strong> M. le Pr\u00e9sident de l\u2019AIH de Mekn\u00e8s est intervenu pour rappeler les conditions et les modalit\u00e9s de la tenue de l\u2019AGC de l\u2019ARIH F\u00e8s-Mekn\u00e8s en pr\u00e9vision de l\u2019AGC du CRT F\u00e8s-Mekn\u00e8s. Le Directeur du CPTM a \u00e9t\u00e9 mandat\u00e9 pour repr\u00e9senter les h\u00f4teliers de Mekn\u00e8s et faire passer un message portant des r\u00e9serves quant \u00e0 la tenue de cette Assembl\u00e9e. Un compte rendu a \u00e9t\u00e9 \u00e9labor\u00e9 dans ce sens.<\/p>\n<p><strong>R\u00e9gularisation de la situation statutaire des Associations Professionnelles Pr\u00e9fectorales :<\/strong> M. le D\u00e9l\u00e9gu\u00e9 est intervenu pour rappeler le cadre juridique de la Repr\u00e9sentativit\u00e9 des professionnels du tourisme au sein de leurs Associations et pour annoncer avec le Pr\u00e9sident de l\u2019AIH de Mekn\u00e8s la d\u00e9cision d\u2019organiser l\u2019AGO de cette association le 31 Mai 2018 au Si\u00e8ge du CPTM. Le Pr\u00e9sident de l\u2019Association des Restaurateurs de Mekn\u00e8s s\u2019est engag\u00e9 \u00e9galement \u00e0 tenir l\u2019AGO y aff\u00e9rent incessamment. Sachant que les deux associations des Agents de Voyage et des Guides du Tourisme sont en situation r\u00e9guli\u00e8re.<\/p>\n<p><strong>Pr\u00e9paration de l\u2019Assembl\u00e9e G\u00e9n\u00e9rale du CPTM :<\/strong> L\u2019Assembl\u00e9e G\u00e9n\u00e9rale Constitutive du Conseil Pr\u00e9fectoral du Tourisme de Mekn\u00e8s a eu lieu le 16 F\u00e9vrier 2015 et a \u00e9lu un Bureau ex\u00e9cutif pour un mandat de 3 ans qui a donc expir\u00e9 d\u2019o\u00f9 la n\u00e9cessit\u00e9 d\u2019organiser une AGO pour r\u00e9gulariser la situation du CPTM. Aussi, il a \u00e9t\u00e9 d\u00e9cid\u00e9 d\u2019organiser cette AGO le 26 Juin 2018.<\/p>\n<p><strong>Refonte des Statuts et \u00e9laboration du R\u00e8glement int\u00e9rieur du CPTM :<\/strong> En pr\u00e9vision de ladite AGO il sera proc\u00e9d\u00e9 \u00e0 la refonte des statuts du CPTM pour les aligner sur les statuts-type adopt\u00e9s g\u00e9n\u00e9ralement par les CRT et les CPT du Maroc. Le r\u00e8glement int\u00e9rieur sera \u00e9galement \u00e9labor\u00e9 pour enrichir les statuts en question.<\/p>\n<p><strong>Assembl\u00e9e G\u00e9n\u00e9rale Constitutive du CRT F\u00e8s-Mekn\u00e8s :<\/strong> Apr\u00e8s un d\u00e9bat tr\u00e8s riche sur les tenants et les aboutissants de \u00ab l\u2019Assembl\u00e9e G\u00e9n\u00e9rale \u00bb ayant eu lieu en date du 10 Mai 2018 \u00e0 F\u00e8s et apr\u00e8s \u00e9valuation de la situation conflictuelle cr\u00e9\u00e9e des r\u00e9sultats de cette r\u00e9union, les membres du Bureau du CPTM ont exprim\u00e9 \u00e0 l\u2019unanimit\u00e9 leur pr\u00e9occupation et en ce qui concerne le processus de la restructuration r\u00e9gionale du dispositif associatif professionnel. Ils ont \u00e0 cet effet exprim\u00e9 leur disponibilit\u00e9, dans le cade de la l\u00e9galit\u00e9 et la confiance mutuelle, \u00e0 adh\u00e9rer \u00e0 la constitution du Conseil R\u00e9gional du Tourisme F\u00e8s-Mekn\u00e8s.<\/p>\n<p>Il a \u00e9t\u00e9 d\u00e9cid\u00e9 \u00e0 cet effet de publier un communiqu\u00e9 de presse faisant ressortir la position du CPTM.<\/p>\n<h3>D\u00e9cisions cl\u00e9s<\/h3>\n<ul>\n<li>Validation des projections en mati\u00e8re des outils publi-promotionnels ;<\/li>\n<li>Constitution de la commission tripartite pour le suivi des recommandations du FITAM 2017 ;<\/li>\n<li>Organisation de l\u2019AGO de l\u2019AIH de Mekn\u00e8s le 31Mai 2018 ;<\/li>\n<li>Organisation prochaine de l\u2019AGO des restaurateurs de Mekn\u00e8s ;<\/li>\n<li>Organisation de l\u2019AGO du CPTM le 26 Juin 2018 ;<\/li>\n<li>Refonte des statuts du CPTM et \u00e9laboration du R\u00e8glement Int\u00e9rieur<\/li>\n<li>Publication d\u2019un communiqu\u00e9 de presse sur la restructuration r\u00e9gionale du dispositif associatif professionnel.<\/li>\n<\/ul>\n","protected":false},"excerpt":{"rendered":"<p>Date Mercredi 16 mai 2018 Heure 16h00 Lieu Si\u00e8ge du CPTM Objet R\u00e9union p\u00e9riodique et statutaire du Bureau du CPTM Participants M. Ahmed KHEMLICHI M. Adil TERRAB M. Nidal LAHLOU M. Nasser Eddine EL OUADRHIRI M. Hamid BENNOUNA M. Mohammed ISMAILI M. Younes BENNOUNA M. Hafid LAMRANI M. Mustapha OUAZAINE M. Rachid IHDEME Ordre du<\/p>\n","protected":false},"author":1,"featured_media":2835,"comment_status":"open","ping_status":"open","sticky":false,"template":"","format":"standard","meta":{"footnotes":""},"categories":[6],"tags":[],"_links":{"self":[{"href":"https:\/\/visit-meknes.com\/fr\/wp-json\/wp\/v2\/posts\/2834"}],"collection":[{"href":"https:\/\/visit-meknes.com\/fr\/wp-json\/wp\/v2\/posts"}],"about":[{"href":"https:\/\/visit-meknes.com\/fr\/wp-json\/wp\/v2\/types\/post"}],"author":[{"embeddable":true,"href":"https:\/\/visit-meknes.com\/fr\/wp-json\/wp\/v2\/users\/1"}],"replies":[{"embeddable":true,"href":"https:\/\/visit-meknes.com\/fr\/wp-json\/wp\/v2\/comments?post=2834"}],"version-history":[{"count":1,"href":"https:\/\/visit-meknes.com\/fr\/wp-json\/wp\/v2\/posts\/2834\/revisions"}],"predecessor-version":[{"id":2836,"href":"https:\/\/visit-meknes.com\/fr\/wp-json\/wp\/v2\/posts\/2834\/revisions\/2836"}],"wp:featuredmedia":[{"embeddable":true,"href":"https:\/\/visit-meknes.com\/fr\/wp-json\/wp\/v2\/media\/2835"}],"wp:attachment":[{"href":"https:\/\/visit-meknes.com\/fr\/wp-json\/wp\/v2\/media?parent=2834"}],"wp:term":[{"taxonomy":"category","embeddable":true,"href":"https:\/\/visit-meknes.com\/fr\/wp-json\/wp\/v2\/categories?post=2834"},{"taxonomy":"post_tag","embeddable":true,"href":"https:\/\/visit-meknes.com\/fr\/wp-json\/wp\/v2\/tags?post=2834"}],"curies":[{"name":"wp","href":"https:\/\/api.w.org\/{rel}","templated":true}]}}