{"id":2800,"date":"2018-05-23T22:46:05","date_gmt":"2018-05-23T22:46:05","guid":{"rendered":"https:\/\/visit-meknes.com\/?p=2800"},"modified":"2018-05-23T22:46:05","modified_gmt":"2018-05-23T22:46:05","slug":"les-femmes-a-lhonneur-de-la-12e-edition-du-festival-musical-les-nuits-du-ramadan","status":"publish","type":"post","link":"https:\/\/visit-meknes.com\/fr\/les-femmes-a-lhonneur-de-la-12e-edition-du-festival-musical-les-nuits-du-ramadan\/","title":{"rendered":"Les femmes \u00e0 l\u2019honneur de la 12e \u00e9dition du festival musical \u00ab\u00a0Les Nuits du Ramadan\u00a0\u00bb"},"content":{"rendered":"<p><strong>Avec une programmation riche aux sonorit\u00e9s soul, funk, blues, mandingues, africaines et marocaines.<\/strong><\/p>\n<div class=\"content-list-component text\">\n<p>Le festival \u201cLes Nuits du Ramadan\u201d, organis\u00e9 par l\u2019Institut fran\u00e7ais, revient pour une nouvelle \u00e9dition. Pendant une semaine, du 24 au 30 mai, douze villes du Maroc se transformeront en lieux de dialogue des musiques du monde. Et cette ann\u00e9e, ce sont les femmes qui sont \u00e0 l\u2019honneur et qui accompagneront les Marocains apr\u00e8s la rupture du je\u00fbne.<\/p>\n<p>Pour cette 12e \u00e9dition, pas moins de 16 concerts seront organis\u00e9s \u00e0 Agadir, Casablanca, El Jadida, Essaouira, <strong>F\u00e8s<\/strong>, K\u00e9nitra, Marrakech, <strong>Mekn\u00e8s<\/strong>, Oujda, Rabat, Tanger et T\u00e9touan. \u201cLe Ramadan est une p\u00e9riode importante qui s\u2019inscrit depuis plusieurs ann\u00e9es dans notre saison culturelle\u201d, a d\u00e9clare Jean-Pierre Mahou\u00e9, responsable du p\u00f4le culturel, livres et audiovisuel, \u00e0 l\u2019occasion d\u2019une conf\u00e9rence de presse tenue hier \u00e0 El Jadida. \u201cLes Nuits du Ramadan sont un \u00e9v\u00e9nement tr\u00e8s festif, populaire et tr\u00e8s attendu des Marocains\u201d.<\/p>\n<p><strong>La chanteuse Oum pr\u00e9sente pour cinq dates<\/strong><\/p>\n<p>Les voix f\u00e9minines seront \u00e0 l\u2019honneur de cette \u00e9dition 2018. Les organisateurs ont concoct\u00e9\u00a0une programmation in\u00e9dite et \u00e9clectique\u00a0aux sonorit\u00e9s soul, funk, blues, mandingues, africaines et marocaines. Le public marocain est invit\u00e9 \u00e0 d\u00e9couvrir quatre grandes artistes de renomm\u00e9e internationale. Les festivit\u00e9s d\u00e9buteront jeudi 24 mai \u00e0 Essaouira avec la chanteuse marocaine\u00a0Oum, t\u00eate d\u2019affiche de cette nouvelle \u00e9dition. Avec sa voix profonde, la chanteuse pr\u00e9sentera son nouvel album intitul\u00e9\u00a0<em>Zarabi<\/em>, o\u00f9 elle explore son h\u00e9ritage culturel qu\u2019elle teinte de soul, jazz et rythmes gnaoua et hassani, dans lesquels ses origines sahraouies trouvent \u00e9cho.<\/p>\n<p>\u201cNous avons pr\u00e9par\u00e9 cette \u00e9dition avec beaucoup de soin\u201d, confie Sa\u00efd Allibou, responsable culturel \u00e0 l\u2019Institut d\u2019El Jadida, \u201con voulait rendre hommage \u00e0 toutes ces femmes qui font notre r\u00e9ussite et qui assistent \u00e0 nos concerts depuis le d\u00e9but. La chanteuse marocaine Oum \u00e9tait un choix \u00e9vident compte tenu de la symbolique de son nom pour ce festival\u201d. En plus d\u2019assurer l\u2019ouverture du festival, la chanteuse sera sur sc\u00e8ne pour quatre autres dates: le vendredi 25 mai \u00e0 El Jadida; le samedi 26 mai \u00e0 Mekn\u00e8s; le dimanche 27 mai \u00e0 Oujda et le mercredi 30 mai \u00e0 Agadir.<\/p>\n<\/div>\n<p><img decoding=\"async\" src=\"https:\/\/img.huffingtonpost.com\/asset\/5b04031b2000004100b92396.jpeg\" width=\"100%\" \/><\/p>\n<p><strong>Des concerts en plein air<\/strong><\/p>\n<p>D\u2019autres noms tout aussi prometteurs animeront cette semaine de concerts. Les Soudanais Alsarah &amp; The Nubatons seront sur sc\u00e8ne les samedi 26, dimanche 27, mardi 29 et mercredi 30 mai dans les villes d\u2019El Jadida, Casablanca, Marrakech et Agadir. \u00c0 la crois\u00e9e d\u2019influences est-africaines et arabes, le groupe puise son inspiration au coeur du patrimoine du \u201cnubien groove\u201d et propose des compositions m\u00e9tiss\u00e9es.<\/p>\n<p>Il y aura \u00e9galement la chanteuse d\u2019origine cap-verdienne et bissau-guin\u00e9enne, Monica Pereira, qui se produira les dimanche 27 mai \u00e0 F\u00e8s, mardi 29 mai \u00e0 K\u00e9nitra et mercredi 30 mai \u00e0 Tanger. Monica Pereira jouera des titres issus de son nouvel album et offrira un voyage musical du Cap-Vert \u00e0 Paris, en passant par Lisbonne et la Guin\u00e9e-Bissau.<\/p>\n<p>Enfin, la Tunisienne Dorsaf Hamdani interpr\u00e9tera les deux plus belles chansons de deux voix mythiques d\u2019orient et d\u2019occident: Barbara et Fairouz. Dans cet hommage crois\u00e9, Dorsaf propose un dialogue entre les deux divas qui ont en commun une vie d\u00e9di\u00e9e \u00e0 leur art. Un r\u00e9sultat surprenant qui fait r\u00e9sonner l\u2019universalit\u00e9 des sentiments, \u00e0 voir et d\u00e9couvrir \u00e0 Mekn\u00e8s le vendredi 25 mai, \u00e0 Casablanca le dimanche 26 mai, \u00e0 T\u00e9touan le dimanche 27 mai et \u00e0 Rabat le mardi 29 mai.<\/p>\n<p><img decoding=\"async\" src=\"https:\/\/img.huffingtonpost.com\/asset\/5b04037e2000004200b92398.jpeg\" width=\"100%\" \/><\/p>\n<p>\u201cAvec ce festival, on prend le pari de se r\u00e9pandre dans douze villes diff\u00e9rentes\u201d, explique Damien Heurtebise, directeur de l\u2019Institut fran\u00e7ais d\u2019El Jadida. \u201cC\u2019est une fa\u00e7on pour nous de faire rayonner la culture au Maroc tout en s\u2019inscrivant dans l\u2019esprit convivial du Ramadan o\u00f9 les gens s\u2019ouvrent et re\u00e7oivent. Cette \u00e9dition est pleine de promesses avec des concerts, la plupart du temps en plein air, pour toucher un maximum de gens dans les rues\u201d.<\/p>\n<div class=\"content-list-component text\">\n<p>Organis\u00e9e dans le cadre de la saison culturelle de l\u2019Institut fran\u00e7ais du Maroc depuis 2012, \u201cLes Nuits du Ramadan\u201d accompagnent ce grand moment annuel de spiritualit\u00e9 qu\u2019est le Ramadan, en pr\u00f4nant les valeurs universelles de dialogue, de respect, de tol\u00e9rance et de partage.<\/p>\n<\/div>\n","protected":false},"excerpt":{"rendered":"<p>Avec une programmation riche aux sonorit\u00e9s soul, funk, blues, mandingues, africaines et marocaines. Le festival \u201cLes Nuits du Ramadan\u201d, organis\u00e9 par l\u2019Institut fran\u00e7ais, revient pour une nouvelle \u00e9dition. Pendant une semaine, du 24 au 30 mai, douze villes du Maroc se transformeront en lieux de dialogue des musiques du monde. Et cette ann\u00e9e, ce sont<\/p>\n","protected":false},"author":1,"featured_media":2801,"comment_status":"open","ping_status":"open","sticky":false,"template":"","format":"standard","meta":{"footnotes":""},"categories":[70,6],"tags":[],"_links":{"self":[{"href":"https:\/\/visit-meknes.com\/fr\/wp-json\/wp\/v2\/posts\/2800"}],"collection":[{"href":"https:\/\/visit-meknes.com\/fr\/wp-json\/wp\/v2\/posts"}],"about":[{"href":"https:\/\/visit-meknes.com\/fr\/wp-json\/wp\/v2\/types\/post"}],"author":[{"embeddable":true,"href":"https:\/\/visit-meknes.com\/fr\/wp-json\/wp\/v2\/users\/1"}],"replies":[{"embeddable":true,"href":"https:\/\/visit-meknes.com\/fr\/wp-json\/wp\/v2\/comments?post=2800"}],"version-history":[{"count":1,"href":"https:\/\/visit-meknes.com\/fr\/wp-json\/wp\/v2\/posts\/2800\/revisions"}],"predecessor-version":[{"id":2802,"href":"https:\/\/visit-meknes.com\/fr\/wp-json\/wp\/v2\/posts\/2800\/revisions\/2802"}],"wp:featuredmedia":[{"embeddable":true,"href":"https:\/\/visit-meknes.com\/fr\/wp-json\/wp\/v2\/media\/2801"}],"wp:attachment":[{"href":"https:\/\/visit-meknes.com\/fr\/wp-json\/wp\/v2\/media?parent=2800"}],"wp:term":[{"taxonomy":"category","embeddable":true,"href":"https:\/\/visit-meknes.com\/fr\/wp-json\/wp\/v2\/categories?post=2800"},{"taxonomy":"post_tag","embeddable":true,"href":"https:\/\/visit-meknes.com\/fr\/wp-json\/wp\/v2\/tags?post=2800"}],"curies":[{"name":"wp","href":"https:\/\/api.w.org\/{rel}","templated":true}]}}