{"id":2797,"date":"2018-05-23T22:27:53","date_gmt":"2018-05-23T22:27:53","guid":{"rendered":"https:\/\/visit-meknes.com\/?p=2797"},"modified":"2018-05-23T22:27:53","modified_gmt":"2018-05-23T22:27:53","slug":"le-festival-sidi-abderrahmane-el-mejdoub-du-mot-et-de-la-sagesse-du-25-au-28-mai-a-meknes","status":"publish","type":"post","link":"https:\/\/visit-meknes.com\/fr\/le-festival-sidi-abderrahmane-el-mejdoub-du-mot-et-de-la-sagesse-du-25-au-28-mai-a-meknes\/","title":{"rendered":"le Festival Sidi Abderrahmane El Mejdoub du mot et de la sagesse du 25 au 28 mai \u00e0 Mekn\u00e8s"},"content":{"rendered":"<p>La 5\u00e8me \u00e9dition du festival Sidi Abderrahmane El Mejdoub du mot et de la sagesse aura lieu du 25 au 28 mai courant \u00e0 Mekn\u00e8s \u00e0 l\u2019initiative de l\u2019association \u00ab\u00a0forum de Mekn\u00e8s pour la culture et le d\u00e9veloppement\u00a0\u00bb.<\/p>\n<p>Organis\u00e9e en partenariat avec le conseil de la r\u00e9gion F\u00e8s-Mekn\u00e8s, la commune de Mekn\u00e8s et avec l\u2019appui du Minist\u00e8re de la Culture et la Communication, cette manifestation culturelle tend \u00e0 mettre en valeur et pr\u00e9server le patrimoine immat\u00e9riel national et cr\u00e9er un espace d\u2019interaction entre les po\u00e8tes.<\/p>\n<p>Le festival Sidi Abderrahmane El Mejdoub du mot et de la sagesse comprend une batterie d\u2019activit\u00e9s dont des conf\u00e9rences scientifiques et des lectures po\u00e9tiques auxquelles prendra part une pl\u00e9iade de po\u00e8tes marocains et \u00e9trangers. Elle pr\u00e9voit \u00e9galement de rendre hommage au chercheur et metteur en sc\u00e8ne marocain, Abderrhahmane Fenniche et au po\u00e8te Hafid El Mrani en reconnaissance \u00e0 leur contribution aux champs culturel et litt\u00e9raire marocains mais aussi des s\u00e9ances de d\u00e9dicace de livre.<\/p>\n<p>Au menu figurent \u00e9galement des soir\u00e9es artistiques anim\u00e9es par de nombreux artistes et des troupes dont \u00ab\u00a0Taifa El Aissaouia\u00a0\u00bb ,\u00a0\u00bbAl Hadra Niswiya Al Meknassia\u00a0\u00bb, \u00ab\u00a0l\u2019orchestre Al Malhoun\u00a0\u00bb sous la pr\u00e9sidence du maitre Abdellatif Twir ,\u00a0\u00bbTaifa Al Hamdouchia\u00a0\u00bb sous la pr\u00e9sidence de Abderhamne Merrakchi Amrani et \u00a0\u00bb Taifa El Aissaoui Soufia\u00a0\u00bb pr\u00e9sid\u00e9e par Sidi Ahmed Ben Moumen.<\/p>\n<p>Atlasinfo (avec MAP)<\/p>\n","protected":false},"excerpt":{"rendered":"<p>La 5\u00e8me \u00e9dition du festival Sidi Abderrahmane El Mejdoub du mot et de la sagesse aura lieu du 25 au 28 mai courant \u00e0 Mekn\u00e8s \u00e0 l\u2019initiative de l\u2019association \u00ab\u00a0forum de Mekn\u00e8s pour la culture et le d\u00e9veloppement\u00a0\u00bb. Organis\u00e9e en partenariat avec le conseil de la r\u00e9gion F\u00e8s-Mekn\u00e8s, la commune de Mekn\u00e8s et avec l\u2019appui<\/p>\n","protected":false},"author":1,"featured_media":2798,"comment_status":"open","ping_status":"open","sticky":false,"template":"","format":"standard","meta":{"footnotes":""},"categories":[70,6],"tags":[],"_links":{"self":[{"href":"https:\/\/visit-meknes.com\/fr\/wp-json\/wp\/v2\/posts\/2797"}],"collection":[{"href":"https:\/\/visit-meknes.com\/fr\/wp-json\/wp\/v2\/posts"}],"about":[{"href":"https:\/\/visit-meknes.com\/fr\/wp-json\/wp\/v2\/types\/post"}],"author":[{"embeddable":true,"href":"https:\/\/visit-meknes.com\/fr\/wp-json\/wp\/v2\/users\/1"}],"replies":[{"embeddable":true,"href":"https:\/\/visit-meknes.com\/fr\/wp-json\/wp\/v2\/comments?post=2797"}],"version-history":[{"count":1,"href":"https:\/\/visit-meknes.com\/fr\/wp-json\/wp\/v2\/posts\/2797\/revisions"}],"predecessor-version":[{"id":2799,"href":"https:\/\/visit-meknes.com\/fr\/wp-json\/wp\/v2\/posts\/2797\/revisions\/2799"}],"wp:featuredmedia":[{"embeddable":true,"href":"https:\/\/visit-meknes.com\/fr\/wp-json\/wp\/v2\/media\/2798"}],"wp:attachment":[{"href":"https:\/\/visit-meknes.com\/fr\/wp-json\/wp\/v2\/media?parent=2797"}],"wp:term":[{"taxonomy":"category","embeddable":true,"href":"https:\/\/visit-meknes.com\/fr\/wp-json\/wp\/v2\/categories?post=2797"},{"taxonomy":"post_tag","embeddable":true,"href":"https:\/\/visit-meknes.com\/fr\/wp-json\/wp\/v2\/tags?post=2797"}],"curies":[{"name":"wp","href":"https:\/\/api.w.org\/{rel}","templated":true}]}}