{"id":2775,"date":"2018-04-24T21:02:20","date_gmt":"2018-04-24T21:02:20","guid":{"rendered":"https:\/\/visit-meknes.com\/?p=2775"},"modified":"2018-04-24T21:02:20","modified_gmt":"2018-04-24T21:02:20","slug":"sar-le-prince-heritier-moulay-el-hassan-preside-a-meknes-louverture-de-la-13-eme-edition-du-salon-international-de-lagriculture-au-maroc","status":"publish","type":"post","link":"https:\/\/visit-meknes.com\/fr\/sar-le-prince-heritier-moulay-el-hassan-preside-a-meknes-louverture-de-la-13-eme-edition-du-salon-international-de-lagriculture-au-maroc\/","title":{"rendered":"SAR le Prince H\u00e9ritier Moulay El Hassan pr\u00e9side \u00e0 Mekn\u00e8s l\u2019ouverture de la 13-\u00e8me \u00e9dition du Salon international de l\u2019agriculture au Maroc"},"content":{"rendered":"<p>Son Altesse Royale le Prince H\u00e9ritier Moulay El Hassan a pr\u00e9sid\u00e9, mardi \u00e0 Sahrij Souani \u00e0 Mekn\u00e8s, l\u2019ouverture de la 13-\u00e8me \u00e9dition du Salon international de l\u2019agriculture au Maroc (SIAM-2018), organis\u00e9e du 24 au 29 avril sous le Haut patronage de SM le Roi Mohammed VI, autour du th\u00e8me \u201cLa logistique et les march\u00e9s agricoles\u201d.<\/p>\n<p>Au d\u00e9but de la c\u00e9r\u00e9monie d\u2019ouverture, SAR le Prince H\u00e9ritier Moulay El Hassan a proc\u00e9d\u00e9 \u00e0 la remise des signes distinctifs d\u2019origine et de qualit\u00e9 \u00e0 neuf agriculteurs producteurs.<\/p>\n<p>Ainsi, Son Altesse Royale a remis l\u2019Indication g\u00e9ographique \u201cMiel Azir\u201d (romarin) de la r\u00e9gion de l\u2019Oriental\u201d \u00e0 Hamzaoui Yahya, pr\u00e9sident de l\u2019association de l\u2019Indication g\u00e9ographique pour la labellisation du Miel Azir de la province de Taourirt (R\u00e9gion de l\u2019Oriental), l\u2019Indication g\u00e9ographique \u201cMiel de Daghmouss (Euphorbe r\u00e9sinif\u00e8re) Souss Massa\u201d, \u00e0 Abdellah Aguenaou, pr\u00e9sident de l\u2019association r\u00e9gionale des apiculteurs de la r\u00e9gion de Souss Massa Dr\u00e2a (r\u00e9gion Souss-Massa), l\u2019Indication g\u00e9ographique \u201cDattes Boustahmi noires de Dr\u00e2a\u201d \u00e0 Lahcen Asmiress, pr\u00e9sident de la F\u00e9d\u00e9ration nationale des producteurs de dattes (r\u00e9gion Dr\u00e2a-Tafilalet), l\u2019Indication g\u00e9ographique \u201cPiment fort Ezznatia\u201d \u00e0 Mohamed Rkhila, pr\u00e9sident de la coop\u00e9rative agricole Zenata (R\u00e9gion Casablanca-Settat), l\u2019Indication g\u00e9ographique \u201cHuile d\u2019Olive d\u2019Amezmiz\u201d \u00e0 Ahmed Bay, pr\u00e9sident de l\u2019Union des coop\u00e9ratives agricoles Huiles d\u2019Amezmiz (R\u00e9gion Marakech-Safi).<\/p>\n<p>SAR le Prince H\u00e9ritier Moulay El Hassan a \u00e9galement remis l\u2019Indication g\u00e9ographique \u201cHuile d\u2019olive Lamtat F\u00e8s\u201d \u00e0 Mohamed El Bouchikhi, pr\u00e9sident du groupement d\u2019int\u00e9r\u00eat \u00e9conomique \u201cLamtat F\u00e8s\u201d (R\u00e9gion F\u00e8s-Mekn\u00e8s), l\u2019Indication g\u00e9ographique \u201cHuile d\u2019olive Dir B\u00e9ni Mellal\u201d \u00e0 Oueghad Abdessalam, pr\u00e9sident du groupement d\u2019int\u00e9r\u00eat \u00e9conomique \u201cHuiles Dir B\u00e9ni Mellal\u201d (R\u00e9gion Beni Mellal-Kh\u00e9nifra), ainsi que l\u2019appellation d\u2019origine \u201cEau de Roses Kal\u00e2at Megouna Dades\u201d \u00e0 Jalal Charaf, pr\u00e9sident de la F\u00e9d\u00e9ration interprofessionnelle marocaine des fleurs aromatiques (R\u00e9gion Dra\u00e2 Tafilalet), et le Label de qualit\u00e9 agricole \u201cOlives noires marocaines Lamja\u00e2d\u201d \u00e0 Houda Farah Guessouss, pr\u00e9sidente de la F\u00e9d\u00e9ration marocaine des industries de la conserve des produits agricoles\u201d (r\u00e9gion Casablanca-Settat).<\/p>\n<p>A l\u2019entr\u00e9e du Salon, Son Altesse Royale a \u00e9t\u00e9 salu\u00e9 par Mme Marjlijn Sonnema, vice-ministre de l\u2019Agriculture, de la Nature et de l\u2019Alimentation des Pays-Bas (Pays invit\u00e9 d\u2019honneur), M. Stephane Travet, ministre de l\u2019Agriculture et de l\u2019Alimentation de France, M. Eyebe Ayissi Henri, ministre de l\u2019Agriculture et du D\u00e9veloppement rural du Cameroun, M. Honor\u00e9 Feizoure, ministre de l\u2019Agriculture et du D\u00e9veloppement rural de Centrafrique, M. Youssoufa Yerima Mandjo, ministre de l\u2019Elevage et de la Sant\u00e9 animale de Centrafrique, M. Mamadou Sangafowa Coulibaly, ministre de l\u2019Agriculture et du D\u00e9veloppement rurale de C\u00f4te d\u2019Ivoire, et par M. Kobenan Kouassi Adjoumani, ministre des Ressources animales et halieutiques de C\u00f4te d\u2019Ivoire.<\/p>\n<p>SAR le Prince H\u00e9ritier Moulay El Hassan a \u00e9t\u00e9 \u00e9galement salu\u00e9 par M. Owusu Afriyoe Akoto, ministre de l\u2019Alimentation et de l\u2019Agriculture de Ghana, Mme Pamela Charette, ministre des P\u00eaches et de l\u2019Agriculture des Seychelles, M. Nicolas Dos Santos, ministre de l\u2019Agriculture, de la For\u00eat et de l\u2019Elevage de Guin\u00e9e Bissau, M. Elsadig Fadlalla Sbah Elkhir Mohamed, ministre d\u2019Etat aupr\u00e8s du ministre de l\u2019Agriculture et des For\u00eats du Soudan, M. Jalal Eddine Rabeh Ahmed Bachir, ministre d\u2019Etat aupr\u00e8s du minist\u00e8re des Ressources animales du Soudan, Mme Patricia Zodi Carlie, ministre d\u00e9l\u00e9gu\u00e9e aupr\u00e8s du ministre de l\u2019Agriculture et de l\u2019Elevage du Gabon, ainsi que par M. Ali Bety, ministre, haut-commissaire \u00e0 l\u2019initiative 3N (Les Nig\u00e9riens nourrissent les nig\u00e9riens) du Niger.<\/p>\n<p>Par la suite, Son Altesse Royale le Prince H\u00e9ritier Moulay El Hassan a visit\u00e9 les diff\u00e9rents p\u00f4les du Salon et suivi des explications sur les produits expos\u00e9s aux p\u00f4les \u201cR\u00e9gions\u201d, \u201cVillage agriculture du Maroc\u201d, \u201cSponsors\u201d, \u201cmachinisme\u201d, \u201cProduits du terroir\u201d, \u201c\u00c9levage\u201d, \u201cProvendiers\u201d, \u201cInternational\u201d, \u201cAgro-fournitures\u201d, \u201cProduits agricole\u201d, et \u201cNature\u201d.<\/p>\n<p>A son arriv\u00e9e au Salon, SAR le Prince H\u00e9ritier Moulay El Hassan avait pass\u00e9 en revue un d\u00e9tachement de la Garde Royale qui rendait les honneurs, avant d\u2019\u00eatre salu\u00e9 par le ministre de l\u2019Agriculture, de la P\u00eache maritime, du D\u00e9veloppement rural et des Eaux et for\u00eats, le secr\u00e9taire d\u2019Etat charg\u00e9 du D\u00e9veloppement rural et des Eaux et for\u00eats, le wali de la r\u00e9gion F\u00e8s-Mekn\u00e8s, le pr\u00e9sident du conseil r\u00e9gional, le gouverneur de la pr\u00e9fecture de Mekn\u00e8s, les \u00e9lus et les repr\u00e9sentants de l\u2019autorit\u00e9 civile et militaire de la pr\u00e9fecture, ainsi que par plusieurs hautes personnalit\u00e9s.<\/p>\n<p>La 13\u00e8me \u00e9dition du Salon international de l\u2019Agriculture au Maroc connait la participation de 1.400 exposants en provenance de 70 pays. Cette manifestation de grande envergure a choisi cette ann\u00e9e la th\u00e9matique \u201cLa logistique et les march\u00e9s agricoles\u201d, un sujet qui est au c\u0153ur des enjeux de l\u2019agriculture durable et r\u00e9siliente. Cette th\u00e9matique illustre la dimension internationale du SIAM et l\u2019\u00e9volution de la strat\u00e9gie du Plan Maroc Vert aujourd\u2019hui ax\u00e9e sur la commercialisation de la production agricole et les d\u00e9bouch\u00e9s tant nationaux qu\u2019internationaux.<\/p>\n<p>Le SIAM a r\u00e9ussi le pari de se positionner comme \u00e9v\u00e8nement phare du Maroc en g\u00e9n\u00e9ral et de son agriculture en particulier. Au fil des \u00e9ditions, il a acquis une dimension panafricaine de premier plan et est devenu la grand-messe des professionnels du secteur \u00e0 l\u2019\u00e9chelle du continent.<\/p>\n<p><strong>MAP<\/strong><\/p>\n","protected":false},"excerpt":{"rendered":"<p>Son Altesse Royale le Prince H\u00e9ritier Moulay El Hassan a pr\u00e9sid\u00e9, mardi \u00e0 Sahrij Souani \u00e0 Mekn\u00e8s, l\u2019ouverture de la 13-\u00e8me \u00e9dition du Salon international de l\u2019agriculture au Maroc (SIAM-2018), organis\u00e9e du 24 au 29 avril sous le Haut patronage de SM le Roi Mohammed VI, autour du th\u00e8me \u201cLa logistique et les march\u00e9s agricoles\u201d.<\/p>\n","protected":false},"author":1,"featured_media":2776,"comment_status":"open","ping_status":"open","sticky":false,"template":"","format":"standard","meta":{"footnotes":""},"categories":[6],"tags":[],"_links":{"self":[{"href":"https:\/\/visit-meknes.com\/fr\/wp-json\/wp\/v2\/posts\/2775"}],"collection":[{"href":"https:\/\/visit-meknes.com\/fr\/wp-json\/wp\/v2\/posts"}],"about":[{"href":"https:\/\/visit-meknes.com\/fr\/wp-json\/wp\/v2\/types\/post"}],"author":[{"embeddable":true,"href":"https:\/\/visit-meknes.com\/fr\/wp-json\/wp\/v2\/users\/1"}],"replies":[{"embeddable":true,"href":"https:\/\/visit-meknes.com\/fr\/wp-json\/wp\/v2\/comments?post=2775"}],"version-history":[{"count":1,"href":"https:\/\/visit-meknes.com\/fr\/wp-json\/wp\/v2\/posts\/2775\/revisions"}],"predecessor-version":[{"id":2777,"href":"https:\/\/visit-meknes.com\/fr\/wp-json\/wp\/v2\/posts\/2775\/revisions\/2777"}],"wp:featuredmedia":[{"embeddable":true,"href":"https:\/\/visit-meknes.com\/fr\/wp-json\/wp\/v2\/media\/2776"}],"wp:attachment":[{"href":"https:\/\/visit-meknes.com\/fr\/wp-json\/wp\/v2\/media?parent=2775"}],"wp:term":[{"taxonomy":"category","embeddable":true,"href":"https:\/\/visit-meknes.com\/fr\/wp-json\/wp\/v2\/categories?post=2775"},{"taxonomy":"post_tag","embeddable":true,"href":"https:\/\/visit-meknes.com\/fr\/wp-json\/wp\/v2\/tags?post=2775"}],"curies":[{"name":"wp","href":"https:\/\/api.w.org\/{rel}","templated":true}]}}