{"id":2768,"date":"2018-04-22T15:52:23","date_gmt":"2018-04-22T15:52:23","guid":{"rendered":"https:\/\/visit-meknes.com\/?p=2768"},"modified":"2018-04-22T15:52:23","modified_gmt":"2018-04-22T15:52:23","slug":"vernissage-a-la-galerie-bab-mansour-de-lexposition-couronnant-le-1-er-symposium-des-arts-de-meknes","status":"publish","type":"post","link":"https:\/\/visit-meknes.com\/fr\/vernissage-a-la-galerie-bab-mansour-de-lexposition-couronnant-le-1-er-symposium-des-arts-de-meknes\/","title":{"rendered":"Vernissage \u00e0 la galerie Bab Mansour de l\u2019exposition couronnant le 1-er symposium des arts de Mekn\u00e8s"},"content":{"rendered":"<p>Le vernissage de l\u2019exposition couronnant le 1-er symposium des arts de Mekn\u00e8s a eu lieu, mercredi \u00e0 la galerie Bab Mansour, en pr\u00e9sence de nombreuses personnalit\u00e9s marocaines et \u00e9trang\u00e8res.<\/p>\n<p>MAP<\/p>\n","protected":false},"excerpt":{"rendered":"<p>Le vernissage de l\u2019exposition couronnant le 1-er symposium des arts de Mekn\u00e8s a eu lieu, mercredi \u00e0 la galerie Bab Mansour, en pr\u00e9sence de nombreuses personnalit\u00e9s marocaines et \u00e9trang\u00e8res. MAP<\/p>\n","protected":false},"author":1,"featured_media":2769,"comment_status":"open","ping_status":"open","sticky":false,"template":"","format":"standard","meta":{"footnotes":""},"categories":[6],"tags":[],"_links":{"self":[{"href":"https:\/\/visit-meknes.com\/fr\/wp-json\/wp\/v2\/posts\/2768"}],"collection":[{"href":"https:\/\/visit-meknes.com\/fr\/wp-json\/wp\/v2\/posts"}],"about":[{"href":"https:\/\/visit-meknes.com\/fr\/wp-json\/wp\/v2\/types\/post"}],"author":[{"embeddable":true,"href":"https:\/\/visit-meknes.com\/fr\/wp-json\/wp\/v2\/users\/1"}],"replies":[{"embeddable":true,"href":"https:\/\/visit-meknes.com\/fr\/wp-json\/wp\/v2\/comments?post=2768"}],"version-history":[{"count":1,"href":"https:\/\/visit-meknes.com\/fr\/wp-json\/wp\/v2\/posts\/2768\/revisions"}],"predecessor-version":[{"id":2770,"href":"https:\/\/visit-meknes.com\/fr\/wp-json\/wp\/v2\/posts\/2768\/revisions\/2770"}],"wp:featuredmedia":[{"embeddable":true,"href":"https:\/\/visit-meknes.com\/fr\/wp-json\/wp\/v2\/media\/2769"}],"wp:attachment":[{"href":"https:\/\/visit-meknes.com\/fr\/wp-json\/wp\/v2\/media?parent=2768"}],"wp:term":[{"taxonomy":"category","embeddable":true,"href":"https:\/\/visit-meknes.com\/fr\/wp-json\/wp\/v2\/categories?post=2768"},{"taxonomy":"post_tag","embeddable":true,"href":"https:\/\/visit-meknes.com\/fr\/wp-json\/wp\/v2\/tags?post=2768"}],"curies":[{"name":"wp","href":"https:\/\/api.w.org\/{rel}","templated":true}]}}