{"id":2760,"date":"2018-04-22T15:37:37","date_gmt":"2018-04-22T15:37:37","guid":{"rendered":"https:\/\/visit-meknes.com\/?p=2760"},"modified":"2018-04-22T15:40:37","modified_gmt":"2018-04-22T15:40:37","slug":"symposium-international-des-arts-a-meknes-une-fete-maroco-tunisienne","status":"publish","type":"post","link":"https:\/\/visit-meknes.com\/fr\/symposium-international-des-arts-a-meknes-une-fete-maroco-tunisienne\/","title":{"rendered":"Symposium International des Arts \u00e0 Mekn\u00e8s..Une f\u00eate maroco-tunisienne"},"content":{"rendered":"<p style=\"font-weight: 400;\">Du 5 au 18 avril, la cit\u00e9 imp\u00e9riale de Moulay Isma\u00efl, \u00abMekn\u00e8s Azaytouna\u00bb, \u00e0 ouvert ses monumentales portes aux plasticiens marocains et tunisiens pour une r\u00e9sidence d\u2019artistes qui s\u2019est cl\u00f4tur\u00e9e en beaut\u00e9 par un vernissage qui restera dans les m\u00e9moires.<\/p>\n<p style=\"font-weight: 400;\"><img loading=\"lazy\" decoding=\"async\" class=\"alignnone\" src=\"http:\/\/lareleve.ma\/files.php?file=Untitled_26_491483653.jpg\" width=\"575\" height=\"757\" \/><\/p>\n<p style=\"font-weight: 400;\">Le 18 avril 2018, journ\u00e9e internationale du patrimoine, les amateurs de la cr\u00e9ation moderne et contemporaine se sont donn\u00e9 rendez-vous \u00e0 Bab Mansour. C\u2019est dans l\u2019enceinte de ce monument embl\u00e9matique, rep\u00e8re incontournable de la cit\u00e9 b\u00e9nie par Cheikh Elkamel, El Hadi Ben A\u00efssa,\u00a0 que les \u0153uvres ex\u00e9cut\u00e9es pendant la r\u00e9sidence ont \u00e9t\u00e9 donn\u00e9 \u00e0 voir.<\/p>\n<p style=\"font-weight: 400; text-align: center;\"><img decoding=\"async\" src=\"http:\/\/lareleve.ma\/files.php?file=Untitled_28_874871532.jpg\" \/><br \/>\n\u0152uvre de Salah Benjkan<\/p>\n<p style=\"font-weight: 400;\">Un vernissage ouvert par la troupe isma\u00efliya des A\u00efssawas avec leur Tbels et ghita et dont un large public cosmopolite a suivi le spectacle,\u00a0 \u00e9bloui par cette fusion entre tradition et modernit\u00e9.\u00a0 Le symposium ne porte t-il pas bien son intitul\u00e9 de \u00ab voyage spirituel de Mekn\u00e8s \u00e0 Volubilis\u00bb?<\/p>\n<p style=\"font-weight: 400;\">\u00a0Marrakech n\u2019\u00e9tait pas loin ! A d\u00e9barquer sur la place Lahdim, on dirait Jam\u00e2a Elfna ! Des cal\u00e8ches, des sons et chants des Hlaykias, des terrasses de caf\u00e9 en hauteur\u2026Et la toile de Salah Benjkan! Merrakchi d\u2019origine, r\u00e9sidant \u00e0 El Jadida, le pr\u00e9sident de Pact\u2019art et commissaire de l\u2019exposition, en tandem avec\u00a0 Michela Margherita Sarti,\u00a0 a concoct\u00e9 \u00e0 l\u2019occasion une grande toile o\u00f9 Mekn\u00e8s fusionne avec Marrakech. Deux villes qui se superposent avec leurs portes, murailles, personnages, cal\u00e8ches et incontournables bicyclettes et autres motos\u00a0!<\/p>\n<p style=\"font-weight: 400; text-align: center;\"><img decoding=\"async\" src=\"http:\/\/lareleve.ma\/files.php?file=Untitled_27_158249133.jpg\" \/><br \/>\n\u0152uvre de Michela Margherita Sarti<\/p>\n<p style=\"font-weight: 400;\">Dans cet espace mythique de la galerie Bab Mansour,\u00a0\u00a0 gard\u00e9 jalousement par le sympathique conservateur Ahmed Bey,\u00a0 la galerie la plus visit\u00e9e au Maroc, les \u0153uvres d\u00e9filent. Pour cette premi\u00e8re \u00e9dition c\u2019est la Tunisie qui est convi\u00e9e. Et elle est repr\u00e9sent\u00e9e par ses artistes femmes ! Et Dieu sait la place de la femme tunisienne dans le combat \u00e9galitaire ainsi que\u00a0 dans la cr\u00e9ation.<\/p>\n<p style=\"font-weight: 400;\">Une italienne, r\u00e9sidant en Tunisie, Michela Margherita Sarti, et cinq tunisiennes de souche, talentueuses les unes que les autres, Houda Ajilki, Nesrine El Amine, Amira Mtimet,\u00a0\u00a0 Najah Zarbout et Nadia Zouari nous donnent \u00e0 appr\u00e9cier les labyrinthes de leurs imaginaires cr\u00e9atifs.<\/p>\n<p style=\"font-weight: 400;\">C\u00f4t\u00e9 marocain , on a Amina Benali et les noms qu\u2019on ne pr\u00e9sente plus des Benyounes Amirouche,\u00a0\u00a0 Noureddine Boumaaza, Ahmed Elamine, Abdelkarim Elazhar,\u00a0\u00a0 Said Housbane, El Mehdi Moufid et\u00a0 le v\u00e9t\u00e9ran Najeb Zoubir !\u00a0 Ce dernier s\u2019est \u00e9clips\u00e9\u00a0\u00a0 laissant\u00a0\u00a0 ses pigeons orphelins pendant le vernissage!<\/p>\n<p style=\"font-weight: 400;\">\u00ab\u00a0Voyage de Mekn\u00e8s \u00e0 Volubilis\u00a0\u00bb,\u00a0 r\u00e9unit \u00e0 la fois la c\u00e9l\u00e9bration du patrimoine et ses sites,\u00a0\u00a0 l\u2019art contemporain\u00a0 et\u00a0\u00a0 l\u2019amiti\u00e9 maroco-tunisienne. Qui dit Volubilis, dit Carthage, Aissawa, Hadra tunisienne\u2026<\/p>\n<p style=\"font-weight: 400;\">La manifestation, dont on attend avec impatience la deuxi\u00e8me cuv\u00e9e,\u00a0 est organis\u00e9e par le minist\u00e8re de la culture et de l\u2019information, direction provinciale de Mekn\u00e8s, la commune de Mekn\u00e8s, l\u2019Association Isma\u00eflia Al Kobra que pr\u00e9side\u00a0 Jamal Tazi et Pact\u2019Art.\u00a0\u00a0 D\u00e9s son bapt\u00eame, elle est dor\u00e9navant\u00a0 sollicit\u00e9e un peu partout dans les villes du Maroc. Une exposition de haut niveau \u00e0 voir absolument.<\/p>\n<p style=\"font-weight: 400;\"><strong>Voyage artistique de Mekn\u00e8s \u00e0 Volubilis<\/strong><\/p>\n<p style=\"font-weight: 400;\"><em>\u00ab\u00a0Le voyage est un d\u00e9placement dans l\u2019espace, d\u2019un lieu vers l\u2019autre. Mais il peut \u00eatre aussi un voyage \u00e0 travers les m\u00e9andres du temps et de la m\u00e9moire. C\u2019est une invitation \u00e0 voguer \u00e0 travers les sinuosit\u00e9s de l\u2019imaginaire. Qu\u2019il soit donc physique ou fictif, le voyage offre toujours l\u2019opportunit\u00e9 de rencontres riches d\u2019exp\u00e9riences humaines.<\/em><\/p>\n<p style=\"font-weight: 400;\"><em>Une occasion d\u2019ouverture vers l\u2019autre, de d\u00e9couverte de nouveaux horizons culturels. C\u2019est une aventure humaine par excellence. Une exp\u00e9rience \u00e9mouvante o\u00f9 les fronti\u00e8res s\u2019estampent et s\u2019\u00e9vanouissent. Un moment empreint de cr\u00e9ation et de d\u00e9couverte de soi et de l\u2019autre. C\u2019est dans cet esprit que le premier symposium artistique international de Mekn\u00e8s a \u00e9t\u00e9 organis\u00e9. Il regroupe quinze artistes peintres, Tunisiens et Marocains. Un moment de partage qui permet de jeter des passerelles entre les hommes et vari\u00e9t\u00e9 de leurs cultures.<\/em><\/p>\n<p style=\"font-weight: 400;\"><em>Le symposium artistique de Mekn\u00e8s est aussi une opportunit\u00e9 pour les fervents amoureux de l\u2019art plastique de faire un voyage \u00e0 travers le temps, l\u2019espace et aussi \u00e0 travers les formes et les couleurs.\u00a0\u00bb<\/em><\/p>\n","protected":false},"excerpt":{"rendered":"<p>Du 5 au 18 avril, la cit\u00e9 imp\u00e9riale de Moulay Isma\u00efl, \u00abMekn\u00e8s Azaytouna\u00bb, \u00e0 ouvert ses monumentales portes aux plasticiens marocains et tunisiens pour une r\u00e9sidence d\u2019artistes qui s\u2019est cl\u00f4tur\u00e9e en beaut\u00e9 par un vernissage qui restera dans les m\u00e9moires. Le 18 avril 2018, journ\u00e9e internationale du patrimoine, les amateurs de la cr\u00e9ation moderne et<\/p>\n","protected":false},"author":1,"featured_media":2761,"comment_status":"open","ping_status":"open","sticky":false,"template":"","format":"standard","meta":{"footnotes":""},"categories":[70,6],"tags":[],"_links":{"self":[{"href":"https:\/\/visit-meknes.com\/fr\/wp-json\/wp\/v2\/posts\/2760"}],"collection":[{"href":"https:\/\/visit-meknes.com\/fr\/wp-json\/wp\/v2\/posts"}],"about":[{"href":"https:\/\/visit-meknes.com\/fr\/wp-json\/wp\/v2\/types\/post"}],"author":[{"embeddable":true,"href":"https:\/\/visit-meknes.com\/fr\/wp-json\/wp\/v2\/users\/1"}],"replies":[{"embeddable":true,"href":"https:\/\/visit-meknes.com\/fr\/wp-json\/wp\/v2\/comments?post=2760"}],"version-history":[{"count":6,"href":"https:\/\/visit-meknes.com\/fr\/wp-json\/wp\/v2\/posts\/2760\/revisions"}],"predecessor-version":[{"id":2767,"href":"https:\/\/visit-meknes.com\/fr\/wp-json\/wp\/v2\/posts\/2760\/revisions\/2767"}],"wp:featuredmedia":[{"embeddable":true,"href":"https:\/\/visit-meknes.com\/fr\/wp-json\/wp\/v2\/media\/2761"}],"wp:attachment":[{"href":"https:\/\/visit-meknes.com\/fr\/wp-json\/wp\/v2\/media?parent=2760"}],"wp:term":[{"taxonomy":"category","embeddable":true,"href":"https:\/\/visit-meknes.com\/fr\/wp-json\/wp\/v2\/categories?post=2760"},{"taxonomy":"post_tag","embeddable":true,"href":"https:\/\/visit-meknes.com\/fr\/wp-json\/wp\/v2\/tags?post=2760"}],"curies":[{"name":"wp","href":"https:\/\/api.w.org\/{rel}","templated":true}]}}