{"id":2733,"date":"2018-03-29T19:42:04","date_gmt":"2018-03-29T19:42:04","guid":{"rendered":"https:\/\/visit-meknes.com\/?p=2733"},"modified":"2018-03-29T19:42:04","modified_gmt":"2018-03-29T19:42:04","slug":"tomber-de-rideau-sur-le-7e-festival-national-du-theatre","status":"publish","type":"post","link":"https:\/\/visit-meknes.com\/fr\/tomber-de-rideau-sur-le-7e-festival-national-du-theatre\/","title":{"rendered":"Tomber de rideau sur le 7e festival national du th\u00e9\u00e2tre"},"content":{"rendered":"<p>Le rideau est tomb\u00e9, mardi soir au complexe Al Houria \u00e0 F\u00e8s, sur la 7e \u00e9dition du Festival national du th\u00e9\u00e2tre.<\/p>\n<p>Lors de la soir\u00e9e de cl\u00f4ture de cette manifestation, un vibrant hommage a \u00e9t\u00e9 rendu \u00e0 l\u2019artiste Aziz Sabir en reconnaissance \u00e0 sa contribution \u00e0 l\u2019enrichissement de la sc\u00e8ne culturelle et artistique marocaine.<\/p>\n<p>A cette occasion, des intervenants ont mis l\u2019accent sur le parcours professionnel de Aziz Sabir, rappelant les r\u00f4les qu\u2019il a camp\u00e9s aussi bien sur la planche que sur le grand \u00e9cran, en particulier sa participation remarquable dans le film \u00abWachma\u00bb.<\/p>\n<p>\u00abLe programme de cette \u00e9dition, marqu\u00e9e par la pr\u00e9sentation de pi\u00e8ces th\u00e9\u00e2trales, de rencontres et de sessions de formation, constitue une valeur ajout\u00e9e \u00e0 cet \u00e9v\u00e9nement culturel annuel\u00bb, a indiqu\u00e9 \u00e0 la MAP le directeur du festival, Hamid Redouani. Cette \u00e9dition, initi\u00e9e par l\u2019association \u00abatelier de F\u00e8s des arts du spectacle\u00bb, a rendu \u00e9galement un hommage posthume \u00e0 Abdenabi Messouab, connu pour ses r\u00f4les dans les \u0153uvres th\u00e9\u00e2trales de Ahmed Taib La\u00e2lj et t\u00e9l\u00e9visuelles marocaines et arabes.<\/p>\n<p>Organis\u00e9e en partenariat avec la commune de F\u00e8s sous le th\u00e8me \u00abla philosophie de la beaut\u00e9 dans le th\u00e9\u00e2tre\u00bb, cette manifestation artistique s\u2019inscrit dans le cadre de la c\u00e9l\u00e9bration de la journ\u00e9e internationale du th\u00e9\u00e2tre.<\/p>\n<p>De nombreuses pi\u00e8ces th\u00e9\u00e2trales de troupes locales et nationales ont \u00e9t\u00e9 pr\u00e9sent\u00e9es lors de ce festival (24-27mars), dont \u00abAl Kira\u00bb de l\u2019association \u00abth\u00e9\u00e2tre libre\u00bb, \u00abAicha Kandicha\u00bb de la troupe \u00abAtlas Demnat du th\u00e9\u00e2tre\u00bb et \u00abDrama Al Harb\u00bb de la troupe \u00abArrakh Dahabi\u00bb, outre \u00abMortjalat 11 septembre\u00bb de la troupe \u00abth\u00e9\u00e2tre populaire et pr\u00e9servation de patrimoine\u00bb. Le festival a \u00e9t\u00e9 ponctu\u00e9 aussi par l\u2019organisation d\u2019une conf\u00e9rence sur la th\u00e9matique centrale de cette \u00e9dition, des ateliers et des sessions de formation au profit des jeunes, encadr\u00e9s par des professionnels et chercheurs en la mati\u00e8re.<\/p>\n","protected":false},"excerpt":{"rendered":"<p>Le rideau est tomb\u00e9, mardi soir au complexe Al Houria \u00e0 F\u00e8s, sur la 7e \u00e9dition du Festival national du th\u00e9\u00e2tre. Lors de la soir\u00e9e de cl\u00f4ture de cette manifestation, un vibrant hommage a \u00e9t\u00e9 rendu \u00e0 l\u2019artiste Aziz Sabir en reconnaissance \u00e0 sa contribution \u00e0 l\u2019enrichissement de la sc\u00e8ne culturelle et artistique marocaine. A<\/p>\n","protected":false},"author":1,"featured_media":2734,"comment_status":"open","ping_status":"open","sticky":false,"template":"","format":"standard","meta":{"footnotes":""},"categories":[6],"tags":[],"_links":{"self":[{"href":"https:\/\/visit-meknes.com\/fr\/wp-json\/wp\/v2\/posts\/2733"}],"collection":[{"href":"https:\/\/visit-meknes.com\/fr\/wp-json\/wp\/v2\/posts"}],"about":[{"href":"https:\/\/visit-meknes.com\/fr\/wp-json\/wp\/v2\/types\/post"}],"author":[{"embeddable":true,"href":"https:\/\/visit-meknes.com\/fr\/wp-json\/wp\/v2\/users\/1"}],"replies":[{"embeddable":true,"href":"https:\/\/visit-meknes.com\/fr\/wp-json\/wp\/v2\/comments?post=2733"}],"version-history":[{"count":1,"href":"https:\/\/visit-meknes.com\/fr\/wp-json\/wp\/v2\/posts\/2733\/revisions"}],"predecessor-version":[{"id":2735,"href":"https:\/\/visit-meknes.com\/fr\/wp-json\/wp\/v2\/posts\/2733\/revisions\/2735"}],"wp:featuredmedia":[{"embeddable":true,"href":"https:\/\/visit-meknes.com\/fr\/wp-json\/wp\/v2\/media\/2734"}],"wp:attachment":[{"href":"https:\/\/visit-meknes.com\/fr\/wp-json\/wp\/v2\/media?parent=2733"}],"wp:term":[{"taxonomy":"category","embeddable":true,"href":"https:\/\/visit-meknes.com\/fr\/wp-json\/wp\/v2\/categories?post=2733"},{"taxonomy":"post_tag","embeddable":true,"href":"https:\/\/visit-meknes.com\/fr\/wp-json\/wp\/v2\/tags?post=2733"}],"curies":[{"name":"wp","href":"https:\/\/api.w.org\/{rel}","templated":true}]}}