{"id":2731,"date":"2018-03-26T21:01:44","date_gmt":"2018-03-26T21:01:44","guid":{"rendered":"https:\/\/visit-meknes.com\/?p=2731"},"modified":"2018-03-26T21:01:44","modified_gmt":"2018-03-26T21:01:44","slug":"succes-exceptionnel-de-la-17e-edition-du-ficam","status":"publish","type":"post","link":"https:\/\/visit-meknes.com\/fr\/succes-exceptionnel-de-la-17e-edition-du-ficam\/","title":{"rendered":"Succ\u00e8s exceptionnel de la 17e \u00e9dition du FICAM"},"content":{"rendered":"<p>Le rideau est tomb\u00e9 sur le Festival international du film d\u2019animation de Mekn\u00e8s, dont la 17e \u00e9dition a \u00e9t\u00e9 marqu\u00e9e par une forte affluence du public, ainsi que celle des personnalit\u00e9s du cin\u00e9ma d\u2019animation participantes et le nombre record d\u2019\u00e9tudiants ayant b\u00e9n\u00e9fici\u00e9 d\u2019ateliers de formation.<\/p>\n<p>La dix-septi\u00e8me \u00e9dition du Festival\u00a0international du cin\u00e9ma d\u2019animation de Mekn\u00e8s (FICAM) qui s\u2019est tenu, du 16 au 21 mars, sous le Haut Patronage de S.M. le Roi\u00a0Mohammed VI a enregistr\u00e9 un succ\u00e8s in\u00e9dit au niveau de l\u2019afflux du public, des ateliers de formations et des d\u00e9bats avec des personnalit\u00e9s marquantes du film de dessins anim\u00e9s.<br \/>\nSelon le comit\u00e9 d\u2019organisation, cette \u00e9dition 2018 a recens\u00e9 plus de 6.000 spectateurs qui ont visionn\u00e9 plusieurs films, notamment \u00abParvana, une enfance en Afghanistan\u00bb, projet\u00e9 en avant-premi\u00e8re au Maroc. Ce film raconte l\u2019histoire d\u2019une fille afghane qui se d\u00e9guise en gar\u00e7on pour venir en aide \u00e0 sa famille ultra-conservatrice.<\/p>\n<p>En outre, 8.000 \u00e9coliers ont assist\u00e9 \u00e0 des projections scolaires. On estime aussi \u00e0 plus de 12.000 les spectateurs qui ont pu et qui peuvent encore visionner les projections programm\u00e9es dans le cadre du\u00a0FICAM dans les diff\u00e9rents Instituts fran\u00e7ais \u00e0 travers le pays. En ce sens, les projections dans ces \u00e9tablissements culturels se poursuivent jusqu\u2019au 30 mars prochain.<\/p>\n<p>En somme, la fr\u00e9quentation estim\u00e9e de cet \u00e9v\u00e9nement culturel, toutes manifestations confondues, totalisera plus de 30.000 visiteurs, selon le comit\u00e9 d\u2019organisation. Cette \u00e9dition a \u00e9t\u00e9 rehauss\u00e9e par l\u2019hommage rendu \u00e0 la femme dans le cin\u00e9ma d\u2019animation et, notamment, par la pr\u00e9sence remarqu\u00e9e de la grande cin\u00e9aste am\u00e9ricaine Brenda Chapman, r\u00e9alisatrice de films c\u00e9l\u00e8bres tels \u00abLe Roi Lion\u00bb, \u00abLe Rebelle\u00bb et \u00abLe Prince d\u2019\u00c9gypte\u00bb.<\/p>\n<p>Les grands professionnels du cin\u00e9ma d\u2019animation, tels les r\u00e9alisateurs Sunao Katabuchi (Japon) et Carlos Saldanha (Br\u00e9sil\/\u00c9tats-Unis) ont gratifi\u00e9 public et \u00e9tudiants en art en donnant des \u00able\u00e7ons de cin\u00e9ma\u00bb.<\/p>\n<p>Au niveau du palmar\u00e8s, Nadia Mangolini a remport\u00e9 le Grand Prix du jury pour le meilleur court m\u00e9trage \u00abTorre\u00bb. Le Prix \u00abMention sp\u00e9ciale du jury\u00bb a \u00e9t\u00e9 d\u00e9cern\u00e9 \u00e0 Elodie Dermange pour son court m\u00e9trage \u00abIntimity\u00bb. Le Prix du public est revenu ex aequo \u00e0 \u00ab(Fool Time) Job\u00bb de Gilles Cuvelier et \u00abAyam\u00bb de Sofia El Khyari.<\/p>\n<p>Les courts m\u00e9trages \u00abTapettes\u00bb d\u2019Alexis Vandersmissen et \u00abLa Mort, P\u00e8re et fils\u00bb de Denis Walgenwitz et Winshluss ont respectivement re\u00e7u les Prix de meilleur film \u00e9tudiant et du Jury Junior. Par ailleurs, le Jury Junior du \u00abLongs-Compet\u2019\u00bb a d\u00e9cern\u00e9 le prix du meilleur long m\u00e9trage au chef d\u2019\u0153uvre du japonais Sunao Katabuchi, \u00abDans un recoin de ce monde\u00bb. Quant au prix du public, il est revenu au r\u00e9alisateur Olivier Cossu pour son film \u00abUn homme est mort\u00bb.<\/p>\n<p>Le directeur artistique, Mohammed Beyoud, s\u2019est f\u00e9licit\u00e9 du succ\u00e8s exceptionnel de ce 17e Festival en raison de l\u2019afflux important du public, des personnalit\u00e9s du cin\u00e9ma d\u2019animation participantes et du nombre croissant d\u2019\u00e9tudiants ayant b\u00e9n\u00e9fici\u00e9 d\u2019ateliers de formation, de d\u00e9bats et de conf\u00e9rences. Le comit\u00e9 d\u2019organisation r\u00e9fl\u00e9chit d\u00e9j\u00e0 \u00e0 la pr\u00e9paration de la 18e \u00e9dition du FICAM et envisage de chercher de nouveaux lieux pour organiser davantage de projections filmiques et pour inciter le public \u00e0 revenir dans les salles obscures, afin de contribuer au d\u00e9veloppement de l\u2019industrie du cin\u00e9ma marocain.<\/p>\n","protected":false},"excerpt":{"rendered":"<p>Le rideau est tomb\u00e9 sur le Festival international du film d\u2019animation de Mekn\u00e8s, dont la 17e \u00e9dition a \u00e9t\u00e9 marqu\u00e9e par une forte affluence du public, ainsi que celle des personnalit\u00e9s du cin\u00e9ma d\u2019animation participantes et le nombre record d\u2019\u00e9tudiants ayant b\u00e9n\u00e9fici\u00e9 d\u2019ateliers de formation. La dix-septi\u00e8me \u00e9dition du Festival\u00a0international du cin\u00e9ma d\u2019animation de Mekn\u00e8s<\/p>\n","protected":false},"author":1,"featured_media":2671,"comment_status":"open","ping_status":"open","sticky":false,"template":"","format":"standard","meta":{"footnotes":""},"categories":[6],"tags":[],"_links":{"self":[{"href":"https:\/\/visit-meknes.com\/fr\/wp-json\/wp\/v2\/posts\/2731"}],"collection":[{"href":"https:\/\/visit-meknes.com\/fr\/wp-json\/wp\/v2\/posts"}],"about":[{"href":"https:\/\/visit-meknes.com\/fr\/wp-json\/wp\/v2\/types\/post"}],"author":[{"embeddable":true,"href":"https:\/\/visit-meknes.com\/fr\/wp-json\/wp\/v2\/users\/1"}],"replies":[{"embeddable":true,"href":"https:\/\/visit-meknes.com\/fr\/wp-json\/wp\/v2\/comments?post=2731"}],"version-history":[{"count":1,"href":"https:\/\/visit-meknes.com\/fr\/wp-json\/wp\/v2\/posts\/2731\/revisions"}],"predecessor-version":[{"id":2732,"href":"https:\/\/visit-meknes.com\/fr\/wp-json\/wp\/v2\/posts\/2731\/revisions\/2732"}],"wp:featuredmedia":[{"embeddable":true,"href":"https:\/\/visit-meknes.com\/fr\/wp-json\/wp\/v2\/media\/2671"}],"wp:attachment":[{"href":"https:\/\/visit-meknes.com\/fr\/wp-json\/wp\/v2\/media?parent=2731"}],"wp:term":[{"taxonomy":"category","embeddable":true,"href":"https:\/\/visit-meknes.com\/fr\/wp-json\/wp\/v2\/categories?post=2731"},{"taxonomy":"post_tag","embeddable":true,"href":"https:\/\/visit-meknes.com\/fr\/wp-json\/wp\/v2\/tags?post=2731"}],"curies":[{"name":"wp","href":"https:\/\/api.w.org\/{rel}","templated":true}]}}