{"id":2722,"date":"2018-03-15T22:58:20","date_gmt":"2018-03-15T22:58:20","guid":{"rendered":"http:\/\/visit-meknes.com\/?p=2722"},"modified":"2018-03-15T22:58:20","modified_gmt":"2018-03-15T22:58:20","slug":"agriculture-180-000-m2-et-1-400-exposants-pour-le-siam-2018","status":"publish","type":"post","link":"https:\/\/visit-meknes.com\/fr\/agriculture-180-000-m2-et-1-400-exposants-pour-le-siam-2018\/","title":{"rendered":"Agriculture : 180 000 m2 et 1 400 exposants pour le SIAM 2018"},"content":{"rendered":"<p>La 13\u00e8me \u00e9dition du Salon international de l\u2019agriculture au Maroc (SIAM) se d\u00e9roulera \u00e0 Mekn\u00e8s du 24 au 28 avril prochain sous le th\u00e8me \u00ab\u00a0Logistique et march\u00e9s agricoles\u00a0\u00bb, a annonc\u00e9 le minist\u00e8re de l\u2019Agriculture de la p\u00eache maritime, du d\u00e9veloppement rural et des eaux et for\u00eats. D\u00e9ploy\u00e9 sur une superficie de 180 000 m2, dont 87 000 m2 couverts, ce Salon devrait accueillir plus de 1 400 exposants issus de 67 pays et plus de 850 000 visiteurs, a indiqu\u00e9 le minist\u00e8re dans un communiqu\u00e9. A noter que, le SIAM, qui compte parmi les plus grands \u00e9v\u00e8nements de l\u2019Afrique d\u00e9di\u00e9s \u00e0 l\u2019agriculture et aux op\u00e9rateurs du secteur agricole, aura les Pays-Bas comme invit\u00e9 d\u2019honneur cette ann\u00e9e.<\/p>\n","protected":false},"excerpt":{"rendered":"<p>La 13\u00e8me \u00e9dition du Salon international de l\u2019agriculture au Maroc (SIAM) se d\u00e9roulera \u00e0 Mekn\u00e8s du 24 au 28 avril prochain sous le th\u00e8me \u00ab\u00a0Logistique et march\u00e9s agricoles\u00a0\u00bb, a annonc\u00e9 le minist\u00e8re de l\u2019Agriculture de la p\u00eache maritime, du d\u00e9veloppement rural et des eaux et for\u00eats. D\u00e9ploy\u00e9 sur une superficie de 180 000 m2, dont<\/p>\n","protected":false},"author":1,"featured_media":2723,"comment_status":"open","ping_status":"open","sticky":false,"template":"","format":"standard","meta":{"footnotes":""},"categories":[6],"tags":[],"_links":{"self":[{"href":"https:\/\/visit-meknes.com\/fr\/wp-json\/wp\/v2\/posts\/2722"}],"collection":[{"href":"https:\/\/visit-meknes.com\/fr\/wp-json\/wp\/v2\/posts"}],"about":[{"href":"https:\/\/visit-meknes.com\/fr\/wp-json\/wp\/v2\/types\/post"}],"author":[{"embeddable":true,"href":"https:\/\/visit-meknes.com\/fr\/wp-json\/wp\/v2\/users\/1"}],"replies":[{"embeddable":true,"href":"https:\/\/visit-meknes.com\/fr\/wp-json\/wp\/v2\/comments?post=2722"}],"version-history":[{"count":1,"href":"https:\/\/visit-meknes.com\/fr\/wp-json\/wp\/v2\/posts\/2722\/revisions"}],"predecessor-version":[{"id":2724,"href":"https:\/\/visit-meknes.com\/fr\/wp-json\/wp\/v2\/posts\/2722\/revisions\/2724"}],"wp:featuredmedia":[{"embeddable":true,"href":"https:\/\/visit-meknes.com\/fr\/wp-json\/wp\/v2\/media\/2723"}],"wp:attachment":[{"href":"https:\/\/visit-meknes.com\/fr\/wp-json\/wp\/v2\/media?parent=2722"}],"wp:term":[{"taxonomy":"category","embeddable":true,"href":"https:\/\/visit-meknes.com\/fr\/wp-json\/wp\/v2\/categories?post=2722"},{"taxonomy":"post_tag","embeddable":true,"href":"https:\/\/visit-meknes.com\/fr\/wp-json\/wp\/v2\/tags?post=2722"}],"curies":[{"name":"wp","href":"https:\/\/api.w.org\/{rel}","templated":true}]}}