{"id":2711,"date":"2018-03-10T22:51:22","date_gmt":"2018-03-10T22:51:22","guid":{"rendered":"http:\/\/visit-meknes.com\/?p=2711"},"modified":"2018-03-10T22:52:22","modified_gmt":"2018-03-10T22:52:22","slug":"meknes-une-vingtaine-doeuvres-au-7e-festival-de-fiction-televisuelle","status":"publish","type":"post","link":"https:\/\/visit-meknes.com\/fr\/meknes-une-vingtaine-doeuvres-au-7e-festival-de-fiction-televisuelle\/","title":{"rendered":"Mekn\u00e8s: Une vingtaine d\u2019\u0153uvres au 7e Festival de fiction t\u00e9l\u00e9visuelle"},"content":{"rendered":"<p>Une vingtaine d\u2019\u0153uvres concourent pour le prix de la 7e \u00e9dition du Festival de fiction t\u00e9l\u00e9visuelle de Mekn\u00e8s, qui se d\u00e9roule du 9 au 14 mars. Les films et feuilletons marocains sont pr\u00e9sents en force lors de cette manifestation, initi\u00e9e par l\u2019association \u00abSpectacle libre\u00bb, en partenariat avec le minist\u00e8re de la Culture, la Soci\u00e9t\u00e9 nationale de radiodiffusion et de t\u00e9l\u00e9vision (SNRT), la cha\u00eene 2M, le Conseil de la r\u00e9gion de F\u00e8s-Mekn\u00e8s, la commune de Mekn\u00e8s et la Fondation Abou Dhabi de l\u2019information.<\/p>\n<p>Il s\u2019agit des t\u00e9l\u00e9films \u00abAmour anonyme\u00bb de Stephanie Duvivier, \u00abLe grand jour\u00bb de Hicham L\u00e2asri, \u00ab12 heures\u00bb de Mourad El Khaoudi, \u00abL\u00e2ati Llah\u00bb de Samia Akariou, \u00abW\u00bb de Said Azar, \u00abHawa ya hawa\u00bb de Chawki<br \/>\nEl Oufir, ainsi que des feuilletons \u00abMomo \u00e2iniya\u00bb de Hicham Jebbari, \u00abA\u00efn lhek\u00bb de Abdeslam El Kella\u00ee, \u00abHdidan \u00e0 Gu\u00e9liz\u00bb de Brahim Chkiri et \u00abRdat lwalida\u00bb de Zakia Tahiri.<\/p>\n<p>D\u2019autres \u0153uvres \u00e9trang\u00e8res seront \u00e9galement en lice lors de ce festival : \u00abOrchidia\u00bb de Hatim Ali (Emirats arabes unis), \u00abAbria\u00e2 wa lakin\u00bb de Samir Hebchi (Liban), \u00abTransfert\u00bb d\u2019Olivier Guignard (France), \u00abSous pression\u00bb d\u2019Andrucha Waddington (Br\u00e9sil), \u00abPlan B\u00bb de Jean-Fran\u00e7ois Asselin, \u00abSoeurs ennemies\u00bb d\u2019Erico S\u00e9ry (C\u00f4te d\u2019Ivoire), \u00abTal sendiyan\u00bb de Hammad Azzoebi (Jordanie), \u00abMention particuli\u00e8re\u00bb de Christophe Campos (France), \u00abUn ciel radieux\u00bb de Nicolas Boukhrief (France).<\/p>\n<p>Le coup d\u2019envoi de cette \u00e9dition a \u00e9t\u00e9 donn\u00e9 par \u00abDeluge\u00bb de Khayri Bchara, qui repr\u00e9sente l\u2019\u00c9gypte, qui est l\u2019invit\u00e9 d\u2019honneur de cette \u00e9dition. Ces \u0153uvres seront d\u00e9partag\u00e9es par deux jurys. Le premier, qui concerne les t\u00e9l\u00e9films, est pr\u00e9sid\u00e9 par le r\u00e9alisateur Abdelkrim Derkaoui et compos\u00e9 de l\u2019actrice Naima Ilyas et du journaliste Ahmed Dafri. Le second se penchera sur les feuilletons participants. Il est pr\u00e9sid\u00e9 par l\u2019actrice Fatima Khayr et compos\u00e9 du pr\u00e9sident de l\u2019Union des producteurs arabes, Ibrahim Abou Dikri, et du r\u00e9alisateur Mohamed Nissrat.<\/p>\n<p>Cette \u00e9dition, qui conna\u00eet la participation, pour la premi\u00e8re fois, de la chaine franco-allemande ARTE, rendra hommage \u00e0 l\u2019actrice Aicha Mahmah et \u00e0 l\u2019acteur Al Mahjoub Erraji, en reconnaissance de leur contribution \u00e0 l\u2019enrichissement de la sc\u00e8ne culturelle et artistique marocaine. Outre la projection de nombreuses \u0153uvres artistiques, dont de nouvelles productions, le Festival connaitra l\u2019organisation de conf\u00e9rences th\u00e9matiques, de rencontres-d\u00e9bats, de master-class et de s\u00e9ances de signature d\u2019ouvrages.<\/p>\n<p>\u00c0 travers cette manifestation, les organisateurs aspirent \u00e0 contribuer au d\u00e9veloppement de la production dramatique t\u00e9l\u00e9visuelle nationale et \u00e0 la promotion culturelle et touristique de la cit\u00e9 isma\u00e9lienne.<\/p>\n","protected":false},"excerpt":{"rendered":"<p>Une vingtaine d\u2019\u0153uvres concourent pour le prix de la 7e \u00e9dition du Festival de fiction t\u00e9l\u00e9visuelle de Mekn\u00e8s, qui se d\u00e9roule du 9 au 14 mars. Les films et feuilletons marocains sont pr\u00e9sents en force lors de cette manifestation, initi\u00e9e par l\u2019association \u00abSpectacle libre\u00bb, en partenariat avec le minist\u00e8re de la Culture, la Soci\u00e9t\u00e9 nationale<\/p>\n","protected":false},"author":1,"featured_media":2482,"comment_status":"open","ping_status":"open","sticky":false,"template":"","format":"standard","meta":{"footnotes":""},"categories":[70,6],"tags":[],"_links":{"self":[{"href":"https:\/\/visit-meknes.com\/fr\/wp-json\/wp\/v2\/posts\/2711"}],"collection":[{"href":"https:\/\/visit-meknes.com\/fr\/wp-json\/wp\/v2\/posts"}],"about":[{"href":"https:\/\/visit-meknes.com\/fr\/wp-json\/wp\/v2\/types\/post"}],"author":[{"embeddable":true,"href":"https:\/\/visit-meknes.com\/fr\/wp-json\/wp\/v2\/users\/1"}],"replies":[{"embeddable":true,"href":"https:\/\/visit-meknes.com\/fr\/wp-json\/wp\/v2\/comments?post=2711"}],"version-history":[{"count":1,"href":"https:\/\/visit-meknes.com\/fr\/wp-json\/wp\/v2\/posts\/2711\/revisions"}],"predecessor-version":[{"id":2712,"href":"https:\/\/visit-meknes.com\/fr\/wp-json\/wp\/v2\/posts\/2711\/revisions\/2712"}],"wp:featuredmedia":[{"embeddable":true,"href":"https:\/\/visit-meknes.com\/fr\/wp-json\/wp\/v2\/media\/2482"}],"wp:attachment":[{"href":"https:\/\/visit-meknes.com\/fr\/wp-json\/wp\/v2\/media?parent=2711"}],"wp:term":[{"taxonomy":"category","embeddable":true,"href":"https:\/\/visit-meknes.com\/fr\/wp-json\/wp\/v2\/categories?post=2711"},{"taxonomy":"post_tag","embeddable":true,"href":"https:\/\/visit-meknes.com\/fr\/wp-json\/wp\/v2\/tags?post=2711"}],"curies":[{"name":"wp","href":"https:\/\/api.w.org\/{rel}","templated":true}]}}