{"id":2708,"date":"2018-03-09T21:53:53","date_gmt":"2018-03-09T21:53:53","guid":{"rendered":"http:\/\/visit-meknes.com\/?p=2708"},"modified":"2018-03-09T21:53:53","modified_gmt":"2018-03-09T21:53:53","slug":"crt-fes-meknes-est-present-a-litb-berlin-du-07-au-11-mars-2018","status":"publish","type":"post","link":"https:\/\/visit-meknes.com\/fr\/crt-fes-meknes-est-present-a-litb-berlin-du-07-au-11-mars-2018\/","title":{"rendered":"CRT F\u00e8s-M\u00e8knes est pr\u00e9sent \u00e0 l&rsquo;ITB Berlin du 07 au 11 Mars 2018"},"content":{"rendered":"<p>Le Conseil R\u00e9gional du Tourisme de F\u00e8s-Mekn\u00e8s conduit par son Pr\u00e9sident d\u00e9l\u00e9gu\u00e9 Monsieur Ahmed sentissi et Monsieur Adil Terrab President du CPT Mekn\u00e9s,est pr\u00e9sent \u00e0 l&rsquo;ITB Berlin du 07 au 11 Mars 2018 pour promouvoir la r\u00e9gion F\u00e8s Mekn\u00e8s.<\/p>\n","protected":false},"excerpt":{"rendered":"<p>Le Conseil R\u00e9gional du Tourisme de F\u00e8s-Mekn\u00e8s conduit par son Pr\u00e9sident d\u00e9l\u00e9gu\u00e9 Monsieur Ahmed sentissi et Monsieur Adil Terrab President du CPT Mekn\u00e9s,est pr\u00e9sent \u00e0 l&rsquo;ITB Berlin du 07 au 11 Mars 2018 pour promouvoir la r\u00e9gion F\u00e8s Mekn\u00e8s.<\/p>\n","protected":false},"author":1,"featured_media":2709,"comment_status":"open","ping_status":"open","sticky":false,"template":"","format":"standard","meta":{"footnotes":""},"categories":[6],"tags":[],"_links":{"self":[{"href":"https:\/\/visit-meknes.com\/fr\/wp-json\/wp\/v2\/posts\/2708"}],"collection":[{"href":"https:\/\/visit-meknes.com\/fr\/wp-json\/wp\/v2\/posts"}],"about":[{"href":"https:\/\/visit-meknes.com\/fr\/wp-json\/wp\/v2\/types\/post"}],"author":[{"embeddable":true,"href":"https:\/\/visit-meknes.com\/fr\/wp-json\/wp\/v2\/users\/1"}],"replies":[{"embeddable":true,"href":"https:\/\/visit-meknes.com\/fr\/wp-json\/wp\/v2\/comments?post=2708"}],"version-history":[{"count":1,"href":"https:\/\/visit-meknes.com\/fr\/wp-json\/wp\/v2\/posts\/2708\/revisions"}],"predecessor-version":[{"id":2710,"href":"https:\/\/visit-meknes.com\/fr\/wp-json\/wp\/v2\/posts\/2708\/revisions\/2710"}],"wp:featuredmedia":[{"embeddable":true,"href":"https:\/\/visit-meknes.com\/fr\/wp-json\/wp\/v2\/media\/2709"}],"wp:attachment":[{"href":"https:\/\/visit-meknes.com\/fr\/wp-json\/wp\/v2\/media?parent=2708"}],"wp:term":[{"taxonomy":"category","embeddable":true,"href":"https:\/\/visit-meknes.com\/fr\/wp-json\/wp\/v2\/categories?post=2708"},{"taxonomy":"post_tag","embeddable":true,"href":"https:\/\/visit-meknes.com\/fr\/wp-json\/wp\/v2\/tags?post=2708"}],"curies":[{"name":"wp","href":"https:\/\/api.w.org\/{rel}","templated":true}]}}