{"id":2701,"date":"2018-02-26T21:13:47","date_gmt":"2018-02-26T21:13:47","guid":{"rendered":"http:\/\/visit-meknes.com\/?p=2701"},"modified":"2018-02-26T21:13:47","modified_gmt":"2018-02-26T21:13:47","slug":"meknes-hausse-de-14-des-nuitees-touristiques-en-2017","status":"publish","type":"post","link":"https:\/\/visit-meknes.com\/fr\/meknes-hausse-de-14-des-nuitees-touristiques-en-2017\/","title":{"rendered":"Mekn\u00e8s : Hausse de 14% des nuit\u00e9es touristiques en 2017"},"content":{"rendered":"<p>Les nuit\u00e9es touristiques dans les \u00e9tablissements h\u00f4teliers d\u2019h\u00e9bergement class\u00e9s de la ville de Mekn\u00e8s ont connu une hausse de 14% en 2017, en comparaison avec une ann\u00e9e auparavant.<\/p>\n<p>La dur\u00e9e moyenne du s\u00e9jour \u00e0 Mekn\u00e8s en 2017 \u00e9tait de 1,5 jour, soit un taux presque identique \u00e0 celui r\u00e9alis\u00e9 pendant l\u2019ann\u00e9e d\u2019avant, note la m\u00eame source.Quant au taux d\u2019occupation, il \u00e9tait de 25% en 2017 contre 23% l\u2019ann\u00e9e pr\u00e9c\u00e9dente.<\/p>\n<p>Pour le seul mois de d\u00e9cembre dernier, les nuit\u00e9es enregistr\u00e9es durant cette p\u00e9riode ont \u00e9t\u00e9 de l\u2019ordre de 16.304 contre 17.799, soit une baisse de 8%.<\/p>\n<p>Quelque 227.199 nuit\u00e9es ont \u00e9t\u00e9 r\u00e9alis\u00e9es durant l\u2019ann\u00e9e 2017, contre 199.461 nuit\u00e9es durant 2016, selon des donn\u00e9es statistiques de l\u2019Observatoire national du tourisme. Cette tendance haussi\u00e8re est due aux principaux march\u00e9s \u00e9metteurs, dont la France, les \u00c9tats-Unis, l\u2019Allemagne, les pays arabes, l\u2019Espagne, la Belgique, la Hollande et l\u2019Italie, rel\u00e8ve la m\u00eame source.<\/p>\n<p>Au niveau national, le secteur du tourisme a enregistr\u00e9 une ann\u00e9e \u2018\u2019exceptionnelle\u2019\u2019 en 2017, avec une forte croissance du nombre d\u2019arriv\u00e9es de touristes non-r\u00e9sidents, des nuit\u00e9es dans les \u00e9tablissements h\u00f4teliers class\u00e9s et des recettes en devises, indique le minist\u00e8re du Tourisme, du Transport a\u00e9rien, de l\u2019Artisanat et de l\u2019Economie sociale.<\/p>\n<p>Dans un communiqu\u00e9, le minist\u00e8re a fait savoir que le nombre d\u2019arriv\u00e9es des touristes aux postes fronti\u00e8res s\u2019est \u00e9lev\u00e9 \u00e0 11,35 millions en 2017, en hausse de 10% par rapport \u00e0 2016, soit plus de 1 million de touristes suppl\u00e9mentaires.<\/p>\n","protected":false},"excerpt":{"rendered":"<p>Les nuit\u00e9es touristiques dans les \u00e9tablissements h\u00f4teliers d\u2019h\u00e9bergement class\u00e9s de la ville de Mekn\u00e8s ont connu une hausse de 14% en 2017, en comparaison avec une ann\u00e9e auparavant. La dur\u00e9e moyenne du s\u00e9jour \u00e0 Mekn\u00e8s en 2017 \u00e9tait de 1,5 jour, soit un taux presque identique \u00e0 celui r\u00e9alis\u00e9 pendant l\u2019ann\u00e9e d\u2019avant, note la m\u00eame<\/p>\n","protected":false},"author":1,"featured_media":2702,"comment_status":"open","ping_status":"open","sticky":false,"template":"","format":"standard","meta":{"footnotes":""},"categories":[6],"tags":[],"_links":{"self":[{"href":"https:\/\/visit-meknes.com\/fr\/wp-json\/wp\/v2\/posts\/2701"}],"collection":[{"href":"https:\/\/visit-meknes.com\/fr\/wp-json\/wp\/v2\/posts"}],"about":[{"href":"https:\/\/visit-meknes.com\/fr\/wp-json\/wp\/v2\/types\/post"}],"author":[{"embeddable":true,"href":"https:\/\/visit-meknes.com\/fr\/wp-json\/wp\/v2\/users\/1"}],"replies":[{"embeddable":true,"href":"https:\/\/visit-meknes.com\/fr\/wp-json\/wp\/v2\/comments?post=2701"}],"version-history":[{"count":1,"href":"https:\/\/visit-meknes.com\/fr\/wp-json\/wp\/v2\/posts\/2701\/revisions"}],"predecessor-version":[{"id":2703,"href":"https:\/\/visit-meknes.com\/fr\/wp-json\/wp\/v2\/posts\/2701\/revisions\/2703"}],"wp:featuredmedia":[{"embeddable":true,"href":"https:\/\/visit-meknes.com\/fr\/wp-json\/wp\/v2\/media\/2702"}],"wp:attachment":[{"href":"https:\/\/visit-meknes.com\/fr\/wp-json\/wp\/v2\/media?parent=2701"}],"wp:term":[{"taxonomy":"category","embeddable":true,"href":"https:\/\/visit-meknes.com\/fr\/wp-json\/wp\/v2\/categories?post=2701"},{"taxonomy":"post_tag","embeddable":true,"href":"https:\/\/visit-meknes.com\/fr\/wp-json\/wp\/v2\/tags?post=2701"}],"curies":[{"name":"wp","href":"https:\/\/api.w.org\/{rel}","templated":true}]}}