{"id":2687,"date":"2018-02-10T21:09:35","date_gmt":"2018-02-10T21:09:35","guid":{"rendered":"http:\/\/visit-meknes.com\/?p=2687"},"modified":"2018-02-10T21:09:35","modified_gmt":"2018-02-10T21:09:35","slug":"semi-marathon-international-de-meknes-plus-de-2-500-athletes-au-depart-le-18-fevrier","status":"publish","type":"post","link":"https:\/\/visit-meknes.com\/fr\/semi-marathon-international-de-meknes-plus-de-2-500-athletes-au-depart-le-18-fevrier\/","title":{"rendered":"Semi-marathon international de Mekn\u00e8s : Plus de 2.500 athl\u00e8tes au d\u00e9part le 18 f\u00e9vrier"},"content":{"rendered":"<p>Les organisateurs comptent capitaliser sur le succ\u00e8s des pr\u00e9c\u00e9dentes \u00e9ditions pour contribuer au d\u00e9veloppement local et participer \u00e0 l\u2019animation culturelle et touristique de la ville.<\/p>\n<p>Plus de 2.500 coureurs prendront part au semi-marathon international de Mekn\u00e8s, qui aura lieu le 18 f\u00e9vrier, \u00e0 l\u2019initiative de l\u2019association \u00abEssaada pour le d\u00e9veloppement et la cohabitation\u00bb.<\/p>\n<p>Ce semi-marathon, qui propose deux parcours (21 km et 10 km), conna\u00eetra la participation d\u2019athl\u00e8tes repr\u00e9sentant une quarantaine de pays, aux c\u00f4t\u00e9s des coureurs des clubs affili\u00e9s \u00e0 la F\u00e9d\u00e9ration royale marocaine d\u2019athl\u00e9tisme (FRMA), selon les organisateurs, qui font \u00e9tat d\u2019une grande participation des \u00e9l\u00e8ves et des associations.<\/p>\n<p>Cette course, dont le d\u00e9part est pr\u00e9vu au site historique Sahrij Essouani, s\u2019inscrit dans le cadre de la c\u00e9l\u00e9bration du 20\u00e8me anniversaire de l\u2019inscription de la ville de Mekn\u00e8s au patrimoine mondial et co\u00efncidera avec la journ\u00e9e mondiale de la s\u00e9curit\u00e9 routi\u00e8re, indique la m\u00eame source, ajoutant qu\u2019une s\u00e9rie d\u2019activit\u00e9s sont pr\u00e9vues pour c\u00e9l\u00e9brer cette journ\u00e9e et sensibiliser le public \u00e0 l\u2019importance du respect du code de la route. Cette manifestation sportive est initi\u00e9e en partenariat notamment avec la wilaya et le conseil de la r\u00e9gion F\u00e8s-Mekn\u00e8s, la pr\u00e9fecture et la commune de Mekn\u00e8s, la F\u00e9d\u00e9ration royale marocaine d\u2019athl\u00e9tisme (FRMA) et la d\u00e9l\u00e9gation provinciale de la jeunesse et des sports. Les organisateurs comptent capitaliser sur le succ\u00e8s des pr\u00e9c\u00e9dentes \u00e9ditions pour contribuer au d\u00e9veloppement local et participer \u00e0 l\u2019animation culturelle et touristique de la ville.<\/p>\n<p>Il s\u2019agit, pr\u00e9cise-t-on, de mettre en valeur le potentiel historique de cette ville imp\u00e9riale, \u00e0 travers la promotion de ses sites patrimoniaux et naturels, qui en font l\u2019une des plus belles cit\u00e9s touristiques.<\/p>\n","protected":false},"excerpt":{"rendered":"<p>Les organisateurs comptent capitaliser sur le succ\u00e8s des pr\u00e9c\u00e9dentes \u00e9ditions pour contribuer au d\u00e9veloppement local et participer \u00e0 l\u2019animation culturelle et touristique de la ville. Plus de 2.500 coureurs prendront part au semi-marathon international de Mekn\u00e8s, qui aura lieu le 18 f\u00e9vrier, \u00e0 l\u2019initiative de l\u2019association \u00abEssaada pour le d\u00e9veloppement et la cohabitation\u00bb. Ce semi-marathon,<\/p>\n","protected":false},"author":1,"featured_media":2688,"comment_status":"open","ping_status":"open","sticky":false,"template":"","format":"standard","meta":{"footnotes":""},"categories":[6],"tags":[],"_links":{"self":[{"href":"https:\/\/visit-meknes.com\/fr\/wp-json\/wp\/v2\/posts\/2687"}],"collection":[{"href":"https:\/\/visit-meknes.com\/fr\/wp-json\/wp\/v2\/posts"}],"about":[{"href":"https:\/\/visit-meknes.com\/fr\/wp-json\/wp\/v2\/types\/post"}],"author":[{"embeddable":true,"href":"https:\/\/visit-meknes.com\/fr\/wp-json\/wp\/v2\/users\/1"}],"replies":[{"embeddable":true,"href":"https:\/\/visit-meknes.com\/fr\/wp-json\/wp\/v2\/comments?post=2687"}],"version-history":[{"count":1,"href":"https:\/\/visit-meknes.com\/fr\/wp-json\/wp\/v2\/posts\/2687\/revisions"}],"predecessor-version":[{"id":2689,"href":"https:\/\/visit-meknes.com\/fr\/wp-json\/wp\/v2\/posts\/2687\/revisions\/2689"}],"wp:featuredmedia":[{"embeddable":true,"href":"https:\/\/visit-meknes.com\/fr\/wp-json\/wp\/v2\/media\/2688"}],"wp:attachment":[{"href":"https:\/\/visit-meknes.com\/fr\/wp-json\/wp\/v2\/media?parent=2687"}],"wp:term":[{"taxonomy":"category","embeddable":true,"href":"https:\/\/visit-meknes.com\/fr\/wp-json\/wp\/v2\/categories?post=2687"},{"taxonomy":"post_tag","embeddable":true,"href":"https:\/\/visit-meknes.com\/fr\/wp-json\/wp\/v2\/tags?post=2687"}],"curies":[{"name":"wp","href":"https:\/\/api.w.org\/{rel}","templated":true}]}}