{"id":2681,"date":"2018-02-06T20:39:30","date_gmt":"2018-02-06T20:39:30","guid":{"rendered":"http:\/\/visit-meknes.com\/?p=2681"},"modified":"2018-02-06T20:43:32","modified_gmt":"2018-02-06T20:43:32","slug":"de-grands-noms-du-cinema-danimation-international-au-17eme-ficam","status":"publish","type":"post","link":"https:\/\/visit-meknes.com\/fr\/de-grands-noms-du-cinema-danimation-international-au-17eme-ficam\/","title":{"rendered":"De grands noms du cin\u00e9ma d\u2019animation international au 17\u00e8me FICAM"},"content":{"rendered":"<p>De grands noms du cin\u00e9ma d\u2019animation international participeront \u00e0 la 17\u00e8me \u00e9dition du Festival international de cin\u00e9ma d\u2019animation de Mekn\u00e8s (FICAM), qui se tiendra du 16 au 21 mars prochain, ont annonc\u00e9 les organisateurs. Cette manifestation, initi\u00e9e par la Fondation A\u00efcha en partenariat avec l\u2019Institut fran\u00e7ais de Mekn\u00e8s, qui en assure la direction artistique, accueillera cette ann\u00e9e Brenda Chapman (Etats-Unis), Sunao Katabuchi (Japon) et Carlos Saldanha (Br\u00e9sil\/Etats-Unis).<\/p>\n<p>Sc\u00e9nariste ou cosc\u00e9nariste de grands succ\u00e8s des Studios Disney (Le Roi Lion, La belle et la b\u00eate, Le bossu de Notre Dame, Fantasia 2000), Brenda Chapman a obtenu l\u2019Oscar du meilleur film d\u2019animation 2013 avec son film \u2018\u2019Rebelle\u2019\u2019.<\/p>\n<p>A Mekn\u00e8s, elle donnera la conf\u00e9rence inaugurale du festival, qui rend hommage \u00e0 la femme dans le cin\u00e9ma d\u2019animation.<\/p>\n<p>Le r\u00e9alisateur Carlos Saldanha, lui, est consid\u00e9r\u00e9, depuis 1993, comme l\u2019une des forces cr\u00e9atives des c\u00e9l\u00e8bres Studios Blue Sky. Parmi ses succ\u00e8s mondiaux, on trouve les trois premiers films de la saga \u2018\u2019L\u2019\u00e2ge de glace\u2019\u2019 ainsi que \u2018\u2019Rio 1\u2019\u2019 et \u2018\u2019Rio 2\u2019\u2019. Sa derni\u00e8re \u0153uvre \u2018\u2019Ferdinand\u2019\u2019 est nomm\u00e9e aux Golden Globes et aux Oscars 2018.<\/p>\n<p>Sunao Kutabuchi est consid\u00e9r\u00e9, quant \u00e0 lui, comme l\u2019un des plus importants r\u00e9alisateurs japonais contemporains. Il r\u00e9alise en 2017 \u2018\u2019Dans un recoin de ce monde\u2019\u2019, v\u00e9ritable chef-d\u2019\u0153uvre et Prix du jury au Festival d\u2019Annecy 2017.<\/p>\n<p>Ces trois r\u00e9alisateurs donneront chacun une le\u00e7on de cin\u00e9ma au profit des \u00e9tudiants et des professionnels marocains.<\/p>\n<p>Au programme de cette \u00e9dition, figurent des projections in\u00e9dites, des expositions, des tables rondes, des rencontres, une comp\u00e9tition internationale du court et du long-m\u00e9trage d\u2019animation et un volet consacr\u00e9 \u00e0 la formation des \u00e9tudiants des \u00e9coles d\u2019art et d\u2019audiovisuel au Maroc.<\/p>\n<p>Le festival, qui a vu le jour en 2001 \u00e0 l\u2019Institut fran\u00e7ais de Mekn\u00e8s, s\u2019affirme, selon ses initiateurs, comme un rendez-vous cin\u00e9matographique incontournable au Maroc et en Afrique. Il attire chaque ann\u00e9e un public nombreux compos\u00e9 d\u2019\u00e9l\u00e8ves, de familles, de professionnels et d\u2019\u00e9tudiants de l\u2019ensemble des \u00e9coles publiques marocaines d\u00e9di\u00e9es \u00e0 l\u2019art et au cin\u00e9ma.<\/p>\n<p>Depuis 2015, le FICAM est int\u00e9gr\u00e9 \u00e0 la Saison culturelle France-Maroc.<\/p>\n","protected":false},"excerpt":{"rendered":"<p>De grands noms du cin\u00e9ma d\u2019animation international participeront \u00e0 la 17\u00e8me \u00e9dition du Festival international de cin\u00e9ma d\u2019animation de Mekn\u00e8s (FICAM), qui se tiendra du 16 au 21 mars prochain, ont annonc\u00e9 les organisateurs. Cette manifestation, initi\u00e9e par la Fondation A\u00efcha en partenariat avec l\u2019Institut fran\u00e7ais de Mekn\u00e8s, qui en assure la direction artistique, accueillera<\/p>\n","protected":false},"author":1,"featured_media":2671,"comment_status":"open","ping_status":"open","sticky":false,"template":"","format":"standard","meta":{"footnotes":""},"categories":[6],"tags":[],"_links":{"self":[{"href":"https:\/\/visit-meknes.com\/fr\/wp-json\/wp\/v2\/posts\/2681"}],"collection":[{"href":"https:\/\/visit-meknes.com\/fr\/wp-json\/wp\/v2\/posts"}],"about":[{"href":"https:\/\/visit-meknes.com\/fr\/wp-json\/wp\/v2\/types\/post"}],"author":[{"embeddable":true,"href":"https:\/\/visit-meknes.com\/fr\/wp-json\/wp\/v2\/users\/1"}],"replies":[{"embeddable":true,"href":"https:\/\/visit-meknes.com\/fr\/wp-json\/wp\/v2\/comments?post=2681"}],"version-history":[{"count":2,"href":"https:\/\/visit-meknes.com\/fr\/wp-json\/wp\/v2\/posts\/2681\/revisions"}],"predecessor-version":[{"id":2683,"href":"https:\/\/visit-meknes.com\/fr\/wp-json\/wp\/v2\/posts\/2681\/revisions\/2683"}],"wp:featuredmedia":[{"embeddable":true,"href":"https:\/\/visit-meknes.com\/fr\/wp-json\/wp\/v2\/media\/2671"}],"wp:attachment":[{"href":"https:\/\/visit-meknes.com\/fr\/wp-json\/wp\/v2\/media?parent=2681"}],"wp:term":[{"taxonomy":"category","embeddable":true,"href":"https:\/\/visit-meknes.com\/fr\/wp-json\/wp\/v2\/categories?post=2681"},{"taxonomy":"post_tag","embeddable":true,"href":"https:\/\/visit-meknes.com\/fr\/wp-json\/wp\/v2\/tags?post=2681"}],"curies":[{"name":"wp","href":"https:\/\/api.w.org\/{rel}","templated":true}]}}