{"id":2674,"date":"2018-02-03T15:46:06","date_gmt":"2018-02-03T15:46:06","guid":{"rendered":"http:\/\/visit-meknes.com\/?p=2674"},"modified":"2018-02-03T15:46:06","modified_gmt":"2018-02-03T15:46:06","slug":"le-festival-international-de-cinema-danimation-accueillera-3-invites-de-prestige","status":"publish","type":"post","link":"https:\/\/visit-meknes.com\/fr\/le-festival-international-de-cinema-danimation-accueillera-3-invites-de-prestige\/","title":{"rendered":"Le Festival International de Cin\u00e9ma d\u2019Animation accueillera 3 invit\u00e9s de prestige"},"content":{"rendered":"<p>Organis\u00e9e par la Fondation A\u00efcha en partenariat avec l\u2019Institut fran\u00e7ais de Mekn\u00e8s qui en assure la direction artistique, la 17\u00e8me \u00e9dition du FICAM\u00ae (Festival International de Cin\u00e9ma d\u2019Animation de Mekn\u00e8s) se tiendra du vendredi 16 au mercredi 21 mars 2018.<\/p>\n<p>A l\u2019instar de ses pr\u00e9c\u00e9dentes \u00e9ditions, le FICAM\u00ae continue \u00e0 accueillir des sommit\u00e9s du cin\u00e9ma d\u2019animation international. Cette ann\u00e9e, trois grands noms iront \u00e0 la rencontre du public meknassi :\u00a0Brenda Chapman (Etats-Unis), SunaoKatabuchi (Japon) et Carlos Saldanha (Br\u00e9sil \/ Etats-Unis), selon le communiqu\u00e9.<\/p>\n<p>Brenda Chapman obtient l\u2019Oscar du meilleur film d\u2019animation 2013 avec son film Rebelle. Elle est \u00e9galement sc\u00e9nariste ou co-sc\u00e9nariste de grands succ\u00e8s des Studios Disney : Le Roi Lion, La belle et la b\u00eate, Le bossu de Notre Dame, Fantasia 2000\u2026 Elle est reconnue pour son engagement pour une plus forte pr\u00e9sence de la femme dans les studios d\u2019animation. Elle nous fera l\u2019honneur de donner la conf\u00e9rence inaugurale du festival, qui rappelons-le, rend hommage \u00e0 La femme dans le cin\u00e9ma d\u2019animation.<\/p>\n<p>Carlos Saldanha est consid\u00e9r\u00e9, depuis 1993, comme l\u2019une des forces cr\u00e9atives des c\u00e9l\u00e8bres Studios Blue Sky. La liste des succ\u00e8s mondiaux qu\u2019il a r\u00e9alis\u00e9e le prouve bien : les trois premiers films de la saga L\u2019\u00e2ge de glace ainsi que Rio 1 et Rio 2. Il poursuit son impressionnante carri\u00e8re avec Ferdinand, nomm\u00e9 r\u00e9cemment aux Golden Globes et aux Oscars 2018.<\/p>\n<p>Sunao Kutabuchiest surement l\u2019un des plus importants r\u00e9alisateurs japonais contemporains. Il a collabor\u00e9, par le pass\u00e9, avec Isao Takahata et Hayao Miyazaki. Ses \u0153uvres sont port\u00e9es par une recherche de r\u00e9alisme et de coh\u00e9rence, tant en mati\u00e8re de mise en sc\u00e8ne que dans la conception du sc\u00e9nario ou des d\u00e9cors. Il r\u00e9alise en 2017, Dans un recoin de ce monde, v\u00e9ritable chef d\u2019\u0153uvre et Prix du Jury au festival d\u2019Annecy 2017.<\/p>\n<p>Ces trois r\u00e9alisateurs donneront chacun une Le\u00e7on de cin\u00e9ma au profit des \u00e9tudiants et des professionnels marocains. Le Maroc peut ainsi s\u2019enorgueillir d\u2019\u00eatre le seul pays arabe et africain \u00e0 accueillir de telles personnalit\u00e9s du cin\u00e9ma d\u2019animation international.<\/p>\n","protected":false},"excerpt":{"rendered":"<p>Organis\u00e9e par la Fondation A\u00efcha en partenariat avec l\u2019Institut fran\u00e7ais de Mekn\u00e8s qui en assure la direction artistique, la 17\u00e8me \u00e9dition du FICAM\u00ae (Festival International de Cin\u00e9ma d\u2019Animation de Mekn\u00e8s) se tiendra du vendredi 16 au mercredi 21 mars 2018. A l\u2019instar de ses pr\u00e9c\u00e9dentes \u00e9ditions, le FICAM\u00ae continue \u00e0 accueillir des sommit\u00e9s du cin\u00e9ma<\/p>\n","protected":false},"author":1,"featured_media":2675,"comment_status":"open","ping_status":"open","sticky":false,"template":"","format":"standard","meta":{"footnotes":""},"categories":[6],"tags":[],"_links":{"self":[{"href":"https:\/\/visit-meknes.com\/fr\/wp-json\/wp\/v2\/posts\/2674"}],"collection":[{"href":"https:\/\/visit-meknes.com\/fr\/wp-json\/wp\/v2\/posts"}],"about":[{"href":"https:\/\/visit-meknes.com\/fr\/wp-json\/wp\/v2\/types\/post"}],"author":[{"embeddable":true,"href":"https:\/\/visit-meknes.com\/fr\/wp-json\/wp\/v2\/users\/1"}],"replies":[{"embeddable":true,"href":"https:\/\/visit-meknes.com\/fr\/wp-json\/wp\/v2\/comments?post=2674"}],"version-history":[{"count":1,"href":"https:\/\/visit-meknes.com\/fr\/wp-json\/wp\/v2\/posts\/2674\/revisions"}],"predecessor-version":[{"id":2676,"href":"https:\/\/visit-meknes.com\/fr\/wp-json\/wp\/v2\/posts\/2674\/revisions\/2676"}],"wp:featuredmedia":[{"embeddable":true,"href":"https:\/\/visit-meknes.com\/fr\/wp-json\/wp\/v2\/media\/2675"}],"wp:attachment":[{"href":"https:\/\/visit-meknes.com\/fr\/wp-json\/wp\/v2\/media?parent=2674"}],"wp:term":[{"taxonomy":"category","embeddable":true,"href":"https:\/\/visit-meknes.com\/fr\/wp-json\/wp\/v2\/categories?post=2674"},{"taxonomy":"post_tag","embeddable":true,"href":"https:\/\/visit-meknes.com\/fr\/wp-json\/wp\/v2\/tags?post=2674"}],"curies":[{"name":"wp","href":"https:\/\/api.w.org\/{rel}","templated":true}]}}