{"id":2608,"date":"2017-10-23T18:43:05","date_gmt":"2017-10-23T18:43:05","guid":{"rendered":"http:\/\/visit-meknes.com\/?p=2608"},"modified":"2017-10-23T18:43:52","modified_gmt":"2017-10-23T18:43:52","slug":"le-rossignol-marocain-abdou-chrif-ouvre-le-bal-du-2e-festival-de-meknes","status":"publish","type":"post","link":"https:\/\/visit-meknes.com\/fr\/le-rossignol-marocain-abdou-chrif-ouvre-le-bal-du-2e-festival-de-meknes\/","title":{"rendered":"Le \u00abrossignol\u00bb marocain Abdou Chrif ouvre le bal du 2e Festival de Mekn\u00e8s"},"content":{"rendered":"<p>La 2e \u00e9dition du \u00abFestival de Mekn\u00e8s\u00bb s\u2019est ouverte vendredi soir 20 octobre, avec un concert du \u00abrossignol\u00bb marocain de la chanson arabe, Abdou Chrif.<\/p>\n<p>Devant un public venu en masse \u00e0 la salle du complexe culturel Mohamed Al-Manouni, Abdou Chrif a interpr\u00e9t\u00e9 un floril\u00e8ge du sublime r\u00e9pertoire d\u2019Abdelhalim Hafed, toujours appr\u00e9ci\u00e9 dans le monde arabe. L\u2019artiste a \u00e9t\u00e9 accompagn\u00e9 par l\u2019ensemble de musique moderne de la cit\u00e9 isma\u00e9lite, dirig\u00e9 par le maestro Mountassir Ahmala, qui a gratifi\u00e9 le public de belles chansons du bon temps de la musique arabe.<\/p>\n<p>Avant la soir\u00e9e d\u2019ouverture, quatre foires ont ouvert leurs portes aux visiteurs du festival, en pr\u00e9sence notamment du gouverneur de la pr\u00e9fecture de Mekn\u00e8s, Abdelghni Sebbar, et du pr\u00e9sident de la commune urbaine de Mekn\u00e8s, Abdellah Bouanou. Il s\u2019agit des foires des produits de l\u2019olive, de l\u2019art culinaire meknassi, des produits des coop\u00e9ratives de la ville, outre un forum des associations actives dans divers domaines.<\/p>\n<p>\u00ab\u00a0La participation de ces associations au festival d\u00e9montre que cette manifestation couvre une large palette de domaines et d\u2019activit\u00e9s\u00a0\u00bb, a d\u00e9clar\u00e9 \u00e0 la MAP Abdellah Bouanou, qui a mis l\u2019accent sur le soutien apport\u00e9 par le conseil de la ville au tissu associatif.<\/p>\n<p>Il a ajout\u00e9 que l\u2019objectif de cet \u00e9v\u00e8nement est de promouvoir le potentiel de la ville et contribuer \u00e0 son d\u00e9veloppement socio-\u00e9conomique.<\/p>\n<p>Les organisateurs de cette deuxi\u00e8me \u00e9dition, qui se tient du 20 au 27 octobre courant, aspirent, entre autres, \u00e0 mettre en lumi\u00e8re le riche patrimoine culturel, artistique, touristique et \u00e9conomique de la cit\u00e9 isma\u00e9lite.<\/p>\n<p>Des tables-rondes sur diverses th\u00e9matiques, des forums, des ateliers, des foires de produits locaux et des visites touristiques sont au menu cette ann\u00e9e. Le festival a aussi invit\u00e9 des intellectuels qui discuteront, entre autres, de patrimoine et d\u2019histoire de la ville, de po\u00e9sie et d\u2019art plastique, d\u2019identit\u00e9 et de valeurs.<\/p>\n<p>\u00ab\u00a0Mekn\u00e8s dans la litt\u00e9rature et l\u2019art\u00a0\u00bb, \u00ab\u00a0le syst\u00e8me des valeurs entre sp\u00e9cificit\u00e9 et universalit\u00e9\u00a0\u00bb et \u00ab\u00a0nouveaux r\u00f4les de la soci\u00e9t\u00e9 civile\u00a0\u00bb sont quelques th\u00e9matiques qui seront soumises au d\u00e9bat.<\/p>\n<p>Le Festival de Mekn\u00e8s proposera \u00e9galement au grand public des concerts gratuits, des expositions, des soir\u00e9es musicales, des animations p\u00e9dagogiques ainsi que des activit\u00e9s artistiques. Cette ann\u00e9e, il pourra appr\u00e9cier les prestations de la diva Samira Said, l\u2019artiste \u00e9gyptien Hamza Namira, Cheb Mouslim ou encore de l\u2019humoriste Eko.<\/p>\n<p>Les organisateurs ont \u00e9galement programm\u00e9 des soir\u00e9es soufies dans les sites historiques de Mekn\u00e8s, ainsi que des concerts de c\u00e9l\u00e8bres orchestres, connus et reconnus comme les d\u00e9positaires d&rsquo;un art authentique.<\/p>\n<p>Cet \u00e9v\u00e8nement fait suite \u00e0 une premi\u00e8re \u00e9dition, cr\u00e9\u00e9e en comm\u00e9moration du 20\u00e8me anniversaire du classement de la cit\u00e9 isma\u00e9lite par l\u2019UNESCO patrimoine universel de l\u2019humanit\u00e9.<\/p>\n","protected":false},"excerpt":{"rendered":"<p>La 2e \u00e9dition du \u00abFestival de Mekn\u00e8s\u00bb s\u2019est ouverte vendredi soir 20 octobre, avec un concert du \u00abrossignol\u00bb marocain de la chanson arabe, Abdou Chrif. Devant un public venu en masse \u00e0 la salle du complexe culturel Mohamed Al-Manouni, Abdou Chrif a interpr\u00e9t\u00e9 un floril\u00e8ge du sublime r\u00e9pertoire d\u2019Abdelhalim Hafed, toujours appr\u00e9ci\u00e9 dans le monde<\/p>\n","protected":false},"author":1,"featured_media":2609,"comment_status":"open","ping_status":"open","sticky":false,"template":"","format":"standard","meta":{"footnotes":""},"categories":[6],"tags":[],"_links":{"self":[{"href":"https:\/\/visit-meknes.com\/fr\/wp-json\/wp\/v2\/posts\/2608"}],"collection":[{"href":"https:\/\/visit-meknes.com\/fr\/wp-json\/wp\/v2\/posts"}],"about":[{"href":"https:\/\/visit-meknes.com\/fr\/wp-json\/wp\/v2\/types\/post"}],"author":[{"embeddable":true,"href":"https:\/\/visit-meknes.com\/fr\/wp-json\/wp\/v2\/users\/1"}],"replies":[{"embeddable":true,"href":"https:\/\/visit-meknes.com\/fr\/wp-json\/wp\/v2\/comments?post=2608"}],"version-history":[{"count":2,"href":"https:\/\/visit-meknes.com\/fr\/wp-json\/wp\/v2\/posts\/2608\/revisions"}],"predecessor-version":[{"id":2611,"href":"https:\/\/visit-meknes.com\/fr\/wp-json\/wp\/v2\/posts\/2608\/revisions\/2611"}],"wp:featuredmedia":[{"embeddable":true,"href":"https:\/\/visit-meknes.com\/fr\/wp-json\/wp\/v2\/media\/2609"}],"wp:attachment":[{"href":"https:\/\/visit-meknes.com\/fr\/wp-json\/wp\/v2\/media?parent=2608"}],"wp:term":[{"taxonomy":"category","embeddable":true,"href":"https:\/\/visit-meknes.com\/fr\/wp-json\/wp\/v2\/categories?post=2608"},{"taxonomy":"post_tag","embeddable":true,"href":"https:\/\/visit-meknes.com\/fr\/wp-json\/wp\/v2\/tags?post=2608"}],"curies":[{"name":"wp","href":"https:\/\/api.w.org\/{rel}","templated":true}]}}