{"id":2583,"date":"2017-09-29T23:20:06","date_gmt":"2017-09-29T23:20:06","guid":{"rendered":"http:\/\/visit-meknes.com\/?p=2583"},"modified":"2017-09-29T23:20:06","modified_gmt":"2017-09-29T23:20:06","slug":"salon-national-du-bois-de-meknes-une-vitrine-de-mise-en-valeur-du-genie-creatif-des-artisans-marocains","status":"publish","type":"post","link":"https:\/\/visit-meknes.com\/fr\/salon-national-du-bois-de-meknes-une-vitrine-de-mise-en-valeur-du-genie-creatif-des-artisans-marocains\/","title":{"rendered":"Salon national du Bois de Mekn\u00e8s : Une vitrine de mise en valeur du g\u00e9nie cr\u00e9atif des artisans marocains"},"content":{"rendered":"<p>La 2-\u00e8me \u00e9dition du Salon national d\u2019artisanat du bois, qui ouvrira ses portes ce samedi \u00e0 Mekn\u00e8s sous le th\u00e8me \u2018\u2019les arts du bois : Authenticit\u00e9, cr\u00e9ativit\u00e9 et patrimoine\u2019\u2019, constitue une vitrine de mise en valeur du g\u00e9nie cr\u00e9atif, du savoir-faire ancestral et de la dext\u00e9rit\u00e9 des artisans marocains.<\/p>\n<p>Tr\u00e8s attendue tant par les professionnels du secteur que par le grand public, cette manifestation, qui se poursuivra jusqu\u2019au 8 octobre prochain, permettra de mettre en lumi\u00e8re la dimension esth\u00e9tique diversifi\u00e9e et in\u00e9gal\u00e9e de l\u2019artisanat marocain et ses multiples facettes aussi bien dans la fabrication des \u0153uvres artistiques, que des d\u00e9cors et des meubles.<\/p>\n<p>Approch\u00e9 par la MAP, Abdelmalek El Boutayine, pr\u00e9sident de la chambre d\u2019artisanat de F\u00e8s-Mekn\u00e8s, qui organise ce salon, en partenariat avec la Maison de l\u2019Artisan, la Commune urbaine de Mekn\u00e8s et le Conseil de la r\u00e9gion F\u00e8s-Mekn\u00e8s, a soulign\u00e9 que ce salon prend de plus en plus de l\u2019ampleur.<\/p>\n<p>\u2018\u2019C\u2019est une belle tribune de valorisation des produits d\u2019artisanat du bois et de promotion de l\u2019esth\u00e9tique et de la magnificence des articles confectionn\u00e9s par les maitres-artisans\u2019\u2019, a-t-il d\u00e9clar\u00e9.<\/p>\n<p>Ce rendez-vous des professionnels de dix jours vise \u00e9galement \u00e0 cr\u00e9er un espace de promotion des produits \u00e0 base du bois, d\u2019\u00e9changer les exp\u00e9riences et les expertises en vue d\u2019augmenter la comp\u00e9titivit\u00e9 du secteur et d\u2019appuyer les initiatives priv\u00e9es, a pr\u00e9cis\u00e9 M. El Boutayine.<\/p>\n<p>Outre l\u2019exposition des cr\u00e9ations en bois, cette \u00e9dition consacre une bonne place aux d\u00e9bats et rencontres entre professionnels. Le pr\u00e9sident de la chambre d\u2019artisanat a fait savoir \u00e0 cet effet que cette ann\u00e9e, le Salon sera marqu\u00e9e par l\u2019organisation de conf\u00e9rences ax\u00e9es sur l\u2019examen des m\u00e9canismes et des outils de d\u00e9veloppement du secteur, ainsi que des rencontres B to B pour partager les exp\u00e9riences et les points de vue dans le domaine.<\/p>\n<p>Ce salon, organis\u00e9 en partenariat avec le minist\u00e8re du tourisme, du transport a\u00e9rien, de l\u2019artisanat et de l\u2019\u00e9conomie sociale, permettra aux visiteurs en g\u00e9n\u00e9ral et de la cit\u00e9 isma\u00eflienne en particulier de voir de pr\u00e8s le processus de fabrication et de transformation du bois.<\/p>\n<p>Destin\u00e9 \u00e0 promouvoir et d\u00e9velopper l\u2019industrie du bois \u00e0 travers la mise en valeur de ses m\u00e9tiers parmi le grand public et dynamiser les activit\u00e9s du secteur, ce salon s\u2019\u00e9tale sur cinq espaces, en l\u2019occurrence l\u2019espace p\u00e9dagogie, culturel et scientifique, un espace commercial, un espace-enfants et un autre de stockage.<\/p>\n<p>Il s\u2019\u00e9tend sur une superficie globale de 5.600 m2 \u00e0 Sahrij Swani \u00e0 Mekn\u00e8s et verra la participation de plus de 120 exposants, dont des entreprises, des coop\u00e9ratives et des op\u00e9rateurs sp\u00e9cialis\u00e9s dans le mat\u00e9riel technique du bois.<\/p>\n<p>Autre nouveaut\u00e9 cette ann\u00e9e, le Salon national d\u2019artisanat du bois pr\u00e9voit des sessions de formation au profit des artisans.<\/p>\n","protected":false},"excerpt":{"rendered":"<p>La 2-\u00e8me \u00e9dition du Salon national d\u2019artisanat du bois, qui ouvrira ses portes ce samedi \u00e0 Mekn\u00e8s sous le th\u00e8me \u2018\u2019les arts du bois : Authenticit\u00e9, cr\u00e9ativit\u00e9 et patrimoine\u2019\u2019, constitue une vitrine de mise en valeur du g\u00e9nie cr\u00e9atif, du savoir-faire ancestral et de la dext\u00e9rit\u00e9 des artisans marocains. Tr\u00e8s attendue tant par les professionnels<\/p>\n","protected":false},"author":1,"featured_media":2566,"comment_status":"open","ping_status":"open","sticky":false,"template":"","format":"standard","meta":{"footnotes":""},"categories":[6],"tags":[],"_links":{"self":[{"href":"https:\/\/visit-meknes.com\/fr\/wp-json\/wp\/v2\/posts\/2583"}],"collection":[{"href":"https:\/\/visit-meknes.com\/fr\/wp-json\/wp\/v2\/posts"}],"about":[{"href":"https:\/\/visit-meknes.com\/fr\/wp-json\/wp\/v2\/types\/post"}],"author":[{"embeddable":true,"href":"https:\/\/visit-meknes.com\/fr\/wp-json\/wp\/v2\/users\/1"}],"replies":[{"embeddable":true,"href":"https:\/\/visit-meknes.com\/fr\/wp-json\/wp\/v2\/comments?post=2583"}],"version-history":[{"count":1,"href":"https:\/\/visit-meknes.com\/fr\/wp-json\/wp\/v2\/posts\/2583\/revisions"}],"predecessor-version":[{"id":2584,"href":"https:\/\/visit-meknes.com\/fr\/wp-json\/wp\/v2\/posts\/2583\/revisions\/2584"}],"wp:featuredmedia":[{"embeddable":true,"href":"https:\/\/visit-meknes.com\/fr\/wp-json\/wp\/v2\/media\/2566"}],"wp:attachment":[{"href":"https:\/\/visit-meknes.com\/fr\/wp-json\/wp\/v2\/media?parent=2583"}],"wp:term":[{"taxonomy":"category","embeddable":true,"href":"https:\/\/visit-meknes.com\/fr\/wp-json\/wp\/v2\/categories?post=2583"},{"taxonomy":"post_tag","embeddable":true,"href":"https:\/\/visit-meknes.com\/fr\/wp-json\/wp\/v2\/tags?post=2583"}],"curies":[{"name":"wp","href":"https:\/\/api.w.org\/{rel}","templated":true}]}}