{"id":2447,"date":"2017-03-20T21:55:18","date_gmt":"2017-03-20T21:55:18","guid":{"rendered":"http:\/\/visit-meknes.com\/?p=2447"},"modified":"2017-03-20T22:10:07","modified_gmt":"2017-03-20T22:10:07","slug":"ma-vie-de-courgette-et-la-vengeresse-en-ouverture-du-ficam-a-meknes","status":"publish","type":"post","link":"https:\/\/visit-meknes.com\/fr\/ma-vie-de-courgette-et-la-vengeresse-en-ouverture-du-ficam-a-meknes\/","title":{"rendered":"\u00ab Ma vie de courgette \u00bb et \u00ab La Vengeresse \u00bb en ouverture du FICAM \u00e0 Mekn\u00e8s"},"content":{"rendered":"<p>Les films suisse <em>Ma vie de Courgette<\/em> de <strong>Claude Barras<\/strong> et <em>La vengeresse<\/em> des r\u00e9alisateurs am\u00e9ricains <strong>Bill Plympton et Jim Lujan<\/strong> ont ouvert le bal de la 16\u00e8 \u00e9dition du festival international du cin\u00e9ma d&rsquo;animation de Mekn\u00e8s (FICAM).<\/p>\n<p>Le premier film relate l\u2019histoire d\u2019Icare, un enfant que tout le monde appelle Courgette, et qui est \u00e9lev\u00e9 par sa m\u00e8re, alcoolique.<\/p>\n<div style=\"position: relative; height: 0; padding-bottom: 50.25%;\"><iframe loading=\"lazy\" style=\"position: absolute; width: 75%; height: 100%; right: 0;\" src=\"https:\/\/www.youtube.com\/embed\/b5ZrIORyhs4?ecver=2\" width=\"640\" height=\"360\" frameborder=\"0\" allowfullscreen=\"allowfullscreen\"><\/iframe><\/div>\n<p>&nbsp;<\/p>\n<p>Apr\u00e8s la mort accidentellement de sa m\u00e8re, il est plac\u00e9 dans un foyer pour enfants o\u00f9 le petit gar\u00e7on apprend \u00e0 se faire des amis, qui ont tous connu comme lui une enfance difficile.<\/p>\n<p>Ahmed, Jujube, Alice et B\u00e9atrice sympathisent avec Courgette, mais Simon, le rebelle du groupe, tente d\u2019imposer sa loi au gar\u00e7on. L\u2019arriv\u00e9e de Camille chamboule une fois de plus la vie du foyer. La petite fille, malicieuse, ne laisse pas Courgette indiff\u00e9rent, m\u00eame s\u2019il n\u2019ose pas tout de suite l\u2019avouer.<\/p>\n<p>Quant \u00e0 La vengeresse, il raconte l\u2019histoire d\u2019un ancien catcheur et motard devenu s\u00e9nateur, et qui embauche quatre redoutables chasseurs de primes. Leur mission\u00a0: retrouver la jeune Lana et r\u00e9cup\u00e9rer le pr\u00e9cieux et compromettant objet qu\u2019elle lui a vol\u00e9.<\/p>\n<p>Entre thriller et road movie, La Vengeresse plonge le spectateur dans les bas-fonds de l\u2019Am\u00e9rique profonde.<br \/>\nChaque ann\u00e9e, le FICAM met en avant un ensemble de films soulignant la diversit\u00e9 de la production mondiale. A travers plusieurs programmes, le public pourra savourer la grande diversit\u00e9 d\u2019expression du court-m\u00e9trage d\u2019animation.<\/p>\n<div style=\"position: relative; height: 0; padding-bottom: 56.25%;\"><iframe loading=\"lazy\" style=\"position: absolute; width: 100%; height: 100%; left: 0;\" src=\"https:\/\/www.youtube.com\/embed\/Lf16izGIri8?ecver=2\" width=\"640\" height=\"360\" frameborder=\"0\" allowfullscreen=\"allowfullscreen\"><\/iframe><\/div>\n<p>&nbsp;<\/p>\n<p>Le FICAM Maroc, une d\u00e9clinaison de la programmation de Mekn\u00e8s, permet au festival de rayonner sur le royaume, \u00e0 travers le r\u00e9seau des instituts fran\u00e7ais du Maroc. Le programme est constitu\u00e9 d\u2019une s\u00e9lection in\u00e9dite de longs et de courts-m\u00e9trages et de rencontres avec des professionnels invit\u00e9s.<\/p>\n<p>La richesse du programme vient \u00e9galement des expositions, des rencontres, des tables rondes profitant de la pr\u00e9sence de r\u00e9alisateurs, producteurs, diffuseurs, et des professionnels de l\u2019animation en g\u00e9n\u00e9ral, ainsi que des \u00e9tudiants.<\/p>\n<p>Parmi les films au programme de ce festival figurent La tortue rouge de Michael Dudok de Wit, Contes Africains de Djilali Beskri (Alg\u00e9rie), Ethel et Ernest de Roger Mainwood (Royaume Uni, Luxembourg), Louise en Hiver de Jean-Fran\u00e7ois Laguionie (France\/Canada), Ivan Tsar\u00e9vitch et la princesse changeante de Michel Ocelot (France), Les Simpson de David Silverman, Vaiana, la l\u00e9gende du bout du monde de John Musker et Ron Clements (Etats\u2013Unis), Iqbal, l\u2019enfant qui n\u2019avait pas peur de Michel Fuzellier et Babak Payami (France\/ Italie), les Trolls de Mike Mitchell et Walt Dohrn (Etats-Unis), la bataille g\u00e9ante des boules de neige de Jean-Fran\u00e7ois Pouliot et Fran\u00e7ois Brisson et La vie en Rosie d\u2019Ann Marie Fleming (Canada).<\/p>\n","protected":false},"excerpt":{"rendered":"<p>Les films suisse Ma vie de Courgette de Claude Barras et La vengeresse des r\u00e9alisateurs am\u00e9ricains Bill Plympton et Jim Lujan ont ouvert le bal de la 16\u00e8 \u00e9dition du festival international du cin\u00e9ma d&rsquo;animation de Mekn\u00e8s (FICAM). Le premier film relate l\u2019histoire d\u2019Icare, un enfant que tout le monde appelle Courgette, et qui est<\/p>\n","protected":false},"author":1,"featured_media":2448,"comment_status":"open","ping_status":"open","sticky":false,"template":"","format":"standard","meta":{"footnotes":""},"categories":[6],"tags":[],"_links":{"self":[{"href":"https:\/\/visit-meknes.com\/fr\/wp-json\/wp\/v2\/posts\/2447"}],"collection":[{"href":"https:\/\/visit-meknes.com\/fr\/wp-json\/wp\/v2\/posts"}],"about":[{"href":"https:\/\/visit-meknes.com\/fr\/wp-json\/wp\/v2\/types\/post"}],"author":[{"embeddable":true,"href":"https:\/\/visit-meknes.com\/fr\/wp-json\/wp\/v2\/users\/1"}],"replies":[{"embeddable":true,"href":"https:\/\/visit-meknes.com\/fr\/wp-json\/wp\/v2\/comments?post=2447"}],"version-history":[{"count":12,"href":"https:\/\/visit-meknes.com\/fr\/wp-json\/wp\/v2\/posts\/2447\/revisions"}],"predecessor-version":[{"id":2460,"href":"https:\/\/visit-meknes.com\/fr\/wp-json\/wp\/v2\/posts\/2447\/revisions\/2460"}],"wp:featuredmedia":[{"embeddable":true,"href":"https:\/\/visit-meknes.com\/fr\/wp-json\/wp\/v2\/media\/2448"}],"wp:attachment":[{"href":"https:\/\/visit-meknes.com\/fr\/wp-json\/wp\/v2\/media?parent=2447"}],"wp:term":[{"taxonomy":"category","embeddable":true,"href":"https:\/\/visit-meknes.com\/fr\/wp-json\/wp\/v2\/categories?post=2447"},{"taxonomy":"post_tag","embeddable":true,"href":"https:\/\/visit-meknes.com\/fr\/wp-json\/wp\/v2\/tags?post=2447"}],"curies":[{"name":"wp","href":"https:\/\/api.w.org\/{rel}","templated":true}]}}