{"id":2431,"date":"2017-03-12T21:50:53","date_gmt":"2017-03-12T21:50:53","guid":{"rendered":"http:\/\/visit-meknes.com\/?p=2431"},"modified":"2017-03-12T21:50:53","modified_gmt":"2017-03-12T21:50:53","slug":"leuz-niang-et-alioune-badara-ndiaye-a-la-6e-edition-du-festival-meknes-au-maroc","status":"publish","type":"post","link":"https:\/\/visit-meknes.com\/fr\/leuz-niang-et-alioune-badara-ndiaye-a-la-6e-edition-du-festival-meknes-au-maroc\/","title":{"rendered":"Leuz Niang et Alioune Badara Ndiaye \u00e0 la 6e \u00e9dition du Festival Mekn\u00e9s au Maroc"},"content":{"rendered":"<p>De tr\u00e8s talentueux r\u00e9alisateurs vont repr\u00e9senter le S\u00e9n\u00e9gal \u00e0 la 6e \u00e9dition du Festival Mekn\u00e9s au Maroc. Cette \u00e9dition se tiendra du 10 au 15 Mars 2017. Ils se nomment Alioune Badara Ndiaye et El Hadji Mamadou Niang connu son le c\u00e9l\u00e8bre pseudo de \u00abLeuz\u00bb. Ils ont su charmer le public cin\u00e9matographique de par leurs c\u00e9l\u00e8bres r\u00e9alisations.<\/p>\n<p>Alioune Badara Ndiaye, est le r\u00e9alisateur de la s\u00e9rie \u00abLe ramadan de Ngagne\u00bb et celle de la s\u00e9rie qui cartonne actuellement \u00abMbettel\u00ab.<\/p>\n<p>El Hadji Mamadou Niang alias \u00abLeuz\u00bb, on ne le pr\u00e9sente plus. C&rsquo;est l&rsquo;homme qui a r\u00e9alis\u00e9 les deux saisons de la fameuse s\u00e9rie \u00abUn caf\u00e9 avec\u00bb, la s\u00e9rie buzz \u00abDinama Nekh\u00bb et dont les s\u00e9n\u00e9galais ont tous repris cette expression. Il est \u00e9galement le r\u00e9alisateur de la s\u00e9rie \u00abBuur Guewel\u00bb avec en vedette Sanekh et modou Bayi. Leuz est aussi le p\u00e8re du c\u00e9l\u00e8bre t\u00e9l\u00e9film \u00abMbaye Berci\u00bb avec Youssou Ndour comme acteur. leuz Niang est le seul s\u00e9n\u00e9galais a \u00eatre diffus\u00e9 plusieurs fois sur la t\u00e9l\u00e9vision franco allemande, ART avec son documentaire: les pieds dans l&rsquo;eau.<\/p>\n<p>Senepeople encourage et souhaite bonne chance \u00e0 nos deux r\u00e9alisateurs, qui font la fiert\u00e9 de tout un peuple, pour la 6e \u00e9dition du Festival Mekn\u00e9s.<\/p>\n","protected":false},"excerpt":{"rendered":"<p>De tr\u00e8s talentueux r\u00e9alisateurs vont repr\u00e9senter le S\u00e9n\u00e9gal \u00e0 la 6e \u00e9dition du Festival Mekn\u00e9s au Maroc. Cette \u00e9dition se tiendra du 10 au 15 Mars 2017. Ils se nomment Alioune Badara Ndiaye et El Hadji Mamadou Niang connu son le c\u00e9l\u00e8bre pseudo de \u00abLeuz\u00bb. Ils ont su charmer le public cin\u00e9matographique de par leurs<\/p>\n","protected":false},"author":1,"featured_media":2432,"comment_status":"open","ping_status":"open","sticky":false,"template":"","format":"standard","meta":{"footnotes":""},"categories":[6],"tags":[],"_links":{"self":[{"href":"https:\/\/visit-meknes.com\/fr\/wp-json\/wp\/v2\/posts\/2431"}],"collection":[{"href":"https:\/\/visit-meknes.com\/fr\/wp-json\/wp\/v2\/posts"}],"about":[{"href":"https:\/\/visit-meknes.com\/fr\/wp-json\/wp\/v2\/types\/post"}],"author":[{"embeddable":true,"href":"https:\/\/visit-meknes.com\/fr\/wp-json\/wp\/v2\/users\/1"}],"replies":[{"embeddable":true,"href":"https:\/\/visit-meknes.com\/fr\/wp-json\/wp\/v2\/comments?post=2431"}],"version-history":[{"count":1,"href":"https:\/\/visit-meknes.com\/fr\/wp-json\/wp\/v2\/posts\/2431\/revisions"}],"predecessor-version":[{"id":2433,"href":"https:\/\/visit-meknes.com\/fr\/wp-json\/wp\/v2\/posts\/2431\/revisions\/2433"}],"wp:featuredmedia":[{"embeddable":true,"href":"https:\/\/visit-meknes.com\/fr\/wp-json\/wp\/v2\/media\/2432"}],"wp:attachment":[{"href":"https:\/\/visit-meknes.com\/fr\/wp-json\/wp\/v2\/media?parent=2431"}],"wp:term":[{"taxonomy":"category","embeddable":true,"href":"https:\/\/visit-meknes.com\/fr\/wp-json\/wp\/v2\/categories?post=2431"},{"taxonomy":"post_tag","embeddable":true,"href":"https:\/\/visit-meknes.com\/fr\/wp-json\/wp\/v2\/tags?post=2431"}],"curies":[{"name":"wp","href":"https:\/\/api.w.org\/{rel}","templated":true}]}}