{"id":2413,"date":"2017-03-04T22:41:28","date_gmt":"2017-03-04T22:41:28","guid":{"rendered":"http:\/\/visit-meknes.com\/?p=2413"},"modified":"2017-03-04T22:41:28","modified_gmt":"2017-03-04T22:41:28","slug":"lancement-dune-etude-pour-la-labellisation-de-lartisanat-a-fes-meknes","status":"publish","type":"post","link":"https:\/\/visit-meknes.com\/fr\/lancement-dune-etude-pour-la-labellisation-de-lartisanat-a-fes-meknes\/","title":{"rendered":"Lancement d\u2019une \u00e9tude pour la labellisation de l\u2019artisanat \u00e0 F\u00e8s-Mekn\u00e8s"},"content":{"rendered":"<p>Une \u00e9tude technique pour la labellisation de l\u2019artisanat de la r\u00e9gion F\u00e8s-Mekn\u00e8s a \u00e9t\u00e9 lanc\u00e9e, vendredi dans la cit\u00e9 idrisside, en pr\u00e9sence d&rsquo;op\u00e9rateurs \u00e9conomiques et professionnels du secteur.<\/p>\n<p>Le label de l\u2019artisanat de la r\u00e9gion F\u00e8s-Mekn\u00e8s, fer de lance des exportations de la r\u00e9gion, devra renforcer le rayonnement de la r\u00e9gion \u00e0 l\u2019\u00e9chelle nationale et internationale, a soulign\u00e9 Khalid Rahel, chef de division au minist\u00e8re de l\u2019Artisanat et de l\u2019Economie sociale et solidaire lors d&rsquo;une rencontre consacr\u00e9e au lancement de cette \u00e9tude.<\/p>\n<p>Il a pr\u00e9cis\u00e9 que cette \u00e9tude vise \u00e0 prot\u00e9ger et valoriser les produits artisanaux de la r\u00e9gion et \u00e0 promouvoir leur qualit\u00e9 par la reconnaissance des sp\u00e9cificit\u00e9s de leurs origines g\u00e9ographiques et du savoir-faire des artisans.<\/p>\n<p>Le lancement de cette \u00e9tude est le prolongement d\u2019une politique men\u00e9e par le minist\u00e8re depuis une vingtaine d\u2019ann\u00e9es ax\u00e9e sur les produits qui pourraient porter atteinte \u00e0 la sant\u00e9 et \u00e0 la s\u00e9curit\u00e9 des consommateurs, a-t-il poursuivi.<\/p>\n<p>Khalid Rahel a, \u00e9galement, mis l\u2019accent sur la strat\u00e9gie de labellisation de tous les produits de l\u2019artisanat afin qu&rsquo;ils ne soient pas \u00e9coul\u00e9s sur le march\u00e9 de mani\u00e8re anonyme, mettre en valeur l&rsquo;\u0153uvre des artisans et cr\u00e9er une tra\u00e7abilit\u00e9 pour chaque produit.<\/p>\n<p>Il a aussi fait savoir que les professionnels prennent de plus en plus conscience de l\u2019int\u00e9r\u00eat de labellisation de leurs produits, mettant en valeur l\u2019importance du lancement du label national de l\u2019artisanat du Maroc \u00abMorocco Handmade\u00bb qui profite actuellement \u00e0 400 entreprises.<\/p>\n<p>De son c\u00f4t\u00e9, le directeur r\u00e9gional de l\u2019Artisanat et de l\u2019Economie Sociale, Abderrahim Belkheyat, a qualifi\u00e9 la r\u00e9gion de F\u00e8s-Mekn\u00e8s de \u00abtr\u00e9sor culturel et civilisationnel\u00bb qui contribue de mani\u00e8re importante au processus de d\u00e9veloppement socio-\u00e9conomique.<\/p>\n<p>Il a pr\u00e9cis\u00e9 que la r\u00e9gion dispose de nombreuses activit\u00e9s et m\u00e9tiers d\u2019artisanat qui n\u00e9cessitent pr\u00e9servation et valorisation.<\/p>\n<p>La labellisation permettra aux artisans de la r\u00e9gion d\u2019am\u00e9liorer la qualit\u00e9 de leurs produits, facilitera leur commercialisation sur le march\u00e9 et valorisera l\u2019h\u00e9ritage authentique traditionnel de la r\u00e9gion, a-t-il indiqu\u00e9.<\/p>\n<p>Abderrahim Belkheyat a \u00e9galement rappel\u00e9 que le minist\u00e8re de l\u2019Artisanat et de l\u2019Economie Sociale et solidaire a \u0153uvr\u00e9 en partenariat avec tous les partenaires et les professionnels \u00e0 la cr\u00e9ation de plus de 240 normes concernant notamment le tissage, la poterie, la maroquinerie, le bois et la dinanderie, outre 50 marques collectives, enregistr\u00e9es au niveau national et international.<\/p>\n<p>Dix marques collectives, a-t-il dit, mises au niveau de la ville de F\u00e8s profitent \u00e0 263 artisans, a-t-il poursuivi, notant que cette ann\u00e9e, il sera proc\u00e9d\u00e9 \u00e0 la r\u00e9alisation de deux op\u00e9rations de contr\u00f4le des produits dont la premi\u00e8re concerne la poterie et la seconde les dinanderies.<\/p>\n<p>Selon lui, trois marques collectives cr\u00e9\u00e9es \u00e0 Sefrou et Boulemane profitent \u00e0 10 artisans et 13 autres au niveau de F\u00e8s-Boulemane au b\u00e9n\u00e9fice de 273 artisans.<\/p>\n<p>Le responsable a indiqu\u00e9 que quelque 38 artisans \u00e0 F\u00e8s-Boulemane, r\u00e9partis entre F\u00e8s (28), Sefrou et Boulemane (10), ont profit\u00e9 du label national de l\u2019artisanat du Maroc \u00abMorocco Handmade\u00bb.<\/p>\n<p>Pour sa part, le pr\u00e9sident de la Chambre d&rsquo;artisanat de la r\u00e9gion F\u00e8s-Mekn\u00e8s, Abdelemalek Al Boutayne, a not\u00e9 que l\u2019am\u00e9lioration des conditions de vie des artisans est tributaire de la structuration du secteur et de la commercialisation des produits, ajoutant que le label va contribuer \u00e0 promouvoir la r\u00e9gion F\u00e8s-Mekn\u00e8s, connue par son artisanat et son agriculture.<\/p>\n<p>Cette \u00e9tude se d\u00e9roulera en deux phases portant sur l\u2019\u00e9laboration du r\u00e8glement d\u2019usage du Label de l\u2019artisanat de F\u00e8s-Mekn\u00e8s et la r\u00e9alisation de l\u2019op\u00e9ration de certification au profit des unit\u00e9s de production de la r\u00e9gion afin de permettre aux unit\u00e9s de production r\u00e9gionales de b\u00e9n\u00e9ficier du droit d\u2019usage du Label.<\/p>\n","protected":false},"excerpt":{"rendered":"<p>Une \u00e9tude technique pour la labellisation de l\u2019artisanat de la r\u00e9gion F\u00e8s-Mekn\u00e8s a \u00e9t\u00e9 lanc\u00e9e, vendredi dans la cit\u00e9 idrisside, en pr\u00e9sence d&rsquo;op\u00e9rateurs \u00e9conomiques et professionnels du secteur. Le label de l\u2019artisanat de la r\u00e9gion F\u00e8s-Mekn\u00e8s, fer de lance des exportations de la r\u00e9gion, devra renforcer le rayonnement de la r\u00e9gion \u00e0 l\u2019\u00e9chelle nationale et<\/p>\n","protected":false},"author":1,"featured_media":2414,"comment_status":"open","ping_status":"open","sticky":false,"template":"","format":"standard","meta":{"footnotes":""},"categories":[6],"tags":[],"_links":{"self":[{"href":"https:\/\/visit-meknes.com\/fr\/wp-json\/wp\/v2\/posts\/2413"}],"collection":[{"href":"https:\/\/visit-meknes.com\/fr\/wp-json\/wp\/v2\/posts"}],"about":[{"href":"https:\/\/visit-meknes.com\/fr\/wp-json\/wp\/v2\/types\/post"}],"author":[{"embeddable":true,"href":"https:\/\/visit-meknes.com\/fr\/wp-json\/wp\/v2\/users\/1"}],"replies":[{"embeddable":true,"href":"https:\/\/visit-meknes.com\/fr\/wp-json\/wp\/v2\/comments?post=2413"}],"version-history":[{"count":1,"href":"https:\/\/visit-meknes.com\/fr\/wp-json\/wp\/v2\/posts\/2413\/revisions"}],"predecessor-version":[{"id":2415,"href":"https:\/\/visit-meknes.com\/fr\/wp-json\/wp\/v2\/posts\/2413\/revisions\/2415"}],"wp:featuredmedia":[{"embeddable":true,"href":"https:\/\/visit-meknes.com\/fr\/wp-json\/wp\/v2\/media\/2414"}],"wp:attachment":[{"href":"https:\/\/visit-meknes.com\/fr\/wp-json\/wp\/v2\/media?parent=2413"}],"wp:term":[{"taxonomy":"category","embeddable":true,"href":"https:\/\/visit-meknes.com\/fr\/wp-json\/wp\/v2\/categories?post=2413"},{"taxonomy":"post_tag","embeddable":true,"href":"https:\/\/visit-meknes.com\/fr\/wp-json\/wp\/v2\/tags?post=2413"}],"curies":[{"name":"wp","href":"https:\/\/api.w.org\/{rel}","templated":true}]}}