{"id":2365,"date":"2016-12-07T12:13:28","date_gmt":"2016-12-07T12:13:28","guid":{"rendered":"http:\/\/visit-meknes.com\/?p=2365"},"modified":"2016-12-07T12:13:28","modified_gmt":"2016-12-07T12:13:28","slug":"patrimoine-mondial-de-lunesco-le-maroc-offre-un-livre-a-ses-sites-classes","status":"publish","type":"post","link":"https:\/\/visit-meknes.com\/fr\/patrimoine-mondial-de-lunesco-le-maroc-offre-un-livre-a-ses-sites-classes\/","title":{"rendered":"Patrimoine mondial de l\u2019UNESCO : Le Maroc offre un livre \u00e0 ses sites class\u00e9s"},"content":{"rendered":"<p style=\"text-align: justify;\">Un nouvel ouvrage intitul\u00e9 \u2018\u2018Patrimoine mondial de l\u2019UNESCO : Les sites du Maroc\u2019\u2019, regroupant des photographies de C\u00e9cile Tr\u00e9al, et pr\u00e9fac\u00e9 par le ministre de la Culture, Mohamed Amine Sbihi, vient de paraitre aux \u00e9ditions \u2018\u2018La crois\u00e9e des chemins\u2019\u2019.<\/p>\n<p style=\"text-align: justify;\">Cet ouvrage de 320 pages (grand format) est d\u00e9di\u00e9 aux 9 sites du patrimoine culturel marocain, inscrits sur la liste du patrimoine mondial de l\u2019UNESCO, \u00e0 savoir la M\u00e9dina de F\u00e8s (1981), la M\u00e9dina de Marrakech (1985), Ksar Ait Ben Haddou (1987), la ville historique de Mekn\u00e8s (1996), le site arch\u00e9ologique de Volubilis (1997), la M\u00e9dina de T\u00e9touan (1997), la M\u00e9dina d\u2019Essaouira (2001), la cit\u00e9 portugaise de Mazagan \u00e0 El Jadida (2004), et Rabat, ville historique et capitale moderne, un patrimoine en partage (2012).<\/p>\n<p style=\"text-align: justify;\">\u2018\u2018Le Maroc a tant d\u2019autres richesses \u00e0 offrir en partage \u00e0 l\u2019humanit\u00e9\u2019\u2019, souligne l\u2019\u00e9diteur, notant qu\u2019\u00e0 travers le territoire du Royaume, des sites naturels, des sites culturels, des aires rupestres, des sites industriels anciens et r\u00e9cents, et des syst\u00e8mes oasiens des urbanismes et architectures du 20\u00e8me si\u00e8cle, entre autres, devront int\u00e9grer une future liste indicative r\u00e9vis\u00e9e afin que des propositions d\u2019inscription soient pr\u00e9par\u00e9es et soumises aux instances comp\u00e9tentes de l\u2019UNESCO pour en \u00e9tudier l\u2019\u00e9ligibilit\u00e9 au statut de patrimoine mondial.<\/p>\n","protected":false},"excerpt":{"rendered":"<p>Un nouvel ouvrage intitul\u00e9 \u2018\u2018Patrimoine mondial de l\u2019UNESCO : Les sites du Maroc\u2019\u2019, regroupant des photographies de C\u00e9cile Tr\u00e9al, et pr\u00e9fac\u00e9 par le ministre de la Culture, Mohamed Amine Sbihi, vient de paraitre aux \u00e9ditions \u2018\u2018La crois\u00e9e des chemins\u2019\u2019. Cet ouvrage de 320 pages (grand format) est d\u00e9di\u00e9 aux 9 sites du patrimoine culturel marocain,<\/p>\n","protected":false},"author":1,"featured_media":2366,"comment_status":"open","ping_status":"open","sticky":false,"template":"","format":"standard","meta":{"footnotes":""},"categories":[6],"tags":[],"_links":{"self":[{"href":"https:\/\/visit-meknes.com\/fr\/wp-json\/wp\/v2\/posts\/2365"}],"collection":[{"href":"https:\/\/visit-meknes.com\/fr\/wp-json\/wp\/v2\/posts"}],"about":[{"href":"https:\/\/visit-meknes.com\/fr\/wp-json\/wp\/v2\/types\/post"}],"author":[{"embeddable":true,"href":"https:\/\/visit-meknes.com\/fr\/wp-json\/wp\/v2\/users\/1"}],"replies":[{"embeddable":true,"href":"https:\/\/visit-meknes.com\/fr\/wp-json\/wp\/v2\/comments?post=2365"}],"version-history":[{"count":1,"href":"https:\/\/visit-meknes.com\/fr\/wp-json\/wp\/v2\/posts\/2365\/revisions"}],"predecessor-version":[{"id":2367,"href":"https:\/\/visit-meknes.com\/fr\/wp-json\/wp\/v2\/posts\/2365\/revisions\/2367"}],"wp:featuredmedia":[{"embeddable":true,"href":"https:\/\/visit-meknes.com\/fr\/wp-json\/wp\/v2\/media\/2366"}],"wp:attachment":[{"href":"https:\/\/visit-meknes.com\/fr\/wp-json\/wp\/v2\/media?parent=2365"}],"wp:term":[{"taxonomy":"category","embeddable":true,"href":"https:\/\/visit-meknes.com\/fr\/wp-json\/wp\/v2\/categories?post=2365"},{"taxonomy":"post_tag","embeddable":true,"href":"https:\/\/visit-meknes.com\/fr\/wp-json\/wp\/v2\/tags?post=2365"}],"curies":[{"name":"wp","href":"https:\/\/api.w.org\/{rel}","templated":true}]}}