{"id":2333,"date":"2016-09-28T15:13:43","date_gmt":"2016-09-28T15:13:43","guid":{"rendered":"http:\/\/visit-meknes.com\/?p=2333"},"modified":"2016-09-28T15:13:43","modified_gmt":"2016-09-28T15:13:43","slug":"2-ouvrages-promotionnels-sur-le-maroc-made-in-fijet","status":"publish","type":"post","link":"https:\/\/visit-meknes.com\/fr\/2-ouvrages-promotionnels-sur-le-maroc-made-in-fijet\/","title":{"rendered":"2 ouvrages promotionnels sur le Maroc made in Fijet"},"content":{"rendered":"<p style=\"text-align: justify;\">Moment solennel dans la symbiose de l\u2019esprit collaboratif, liant la FIJET au collectif associatif de ses diff\u00e9rentes filiales internationales.<\/p>\n<p style=\"text-align: justify;\">Durant les travaux du 58<sup>\u00e8me<\/sup> congr\u00e8s de la f\u00e9d\u00e9ration \u00e0 Moscou, Tijani Haddad, Pr\u00e9sident de la FIJET, a remis au Pr\u00e9sident de l\u2019AMJET Mustapha Trai, 2 tomes broch\u00e9s, r\u00e9unissant les articles r\u00e9dig\u00e9s par les journalistes de la f\u00e9d\u00e9ration en plusieurs langues, suite \u00e0 leur s\u00e9jour au Maroc au mois de Mai, \u00e0 l\u2019occasion de la r\u00e9union annuelle du comit\u00e9 directeur.<\/p>\n<p style=\"text-align: justify;\">Volumineux, les 2 ouvrages collectifs retracent les diff\u00e9rentes \u00e9tapes de leur s\u00e9jour et visites \u00e0 Casablanca, Mekn\u00e8s, Marrakech, El Jadida et le nord; ainsi que des t\u00e9moignages \u00e9logieux sur les diff\u00e9rentes destinations visit\u00e9es et les services offerts.<\/p>\n<p style=\"text-align: justify;\">Une belle promotion par le truchement d\u2019une f\u00e9d\u00e9ration dont c\u2019est l\u2019objectif optimal. L\u2019image du Maroc en sort gagnante.<\/p>\n<p style=\"text-align: justify;\">De tels outils se rangent dans le registre de ce qu\u2019on d\u00e9signe par diplomatie parall\u00e8le, servant les int\u00e9r\u00eats du Maroc, notamment en tourisme.<\/p>\n","protected":false},"excerpt":{"rendered":"<p>Moment solennel dans la symbiose de l\u2019esprit collaboratif, liant la FIJET au collectif associatif de ses diff\u00e9rentes filiales internationales. Durant les travaux du 58\u00e8me congr\u00e8s de la f\u00e9d\u00e9ration \u00e0 Moscou, Tijani Haddad, Pr\u00e9sident de la FIJET, a remis au Pr\u00e9sident de l\u2019AMJET Mustapha Trai, 2 tomes broch\u00e9s, r\u00e9unissant les articles r\u00e9dig\u00e9s par les journalistes de<\/p>\n","protected":false},"author":1,"featured_media":2334,"comment_status":"open","ping_status":"open","sticky":false,"template":"","format":"standard","meta":{"footnotes":""},"categories":[6],"tags":[],"_links":{"self":[{"href":"https:\/\/visit-meknes.com\/fr\/wp-json\/wp\/v2\/posts\/2333"}],"collection":[{"href":"https:\/\/visit-meknes.com\/fr\/wp-json\/wp\/v2\/posts"}],"about":[{"href":"https:\/\/visit-meknes.com\/fr\/wp-json\/wp\/v2\/types\/post"}],"author":[{"embeddable":true,"href":"https:\/\/visit-meknes.com\/fr\/wp-json\/wp\/v2\/users\/1"}],"replies":[{"embeddable":true,"href":"https:\/\/visit-meknes.com\/fr\/wp-json\/wp\/v2\/comments?post=2333"}],"version-history":[{"count":1,"href":"https:\/\/visit-meknes.com\/fr\/wp-json\/wp\/v2\/posts\/2333\/revisions"}],"predecessor-version":[{"id":2335,"href":"https:\/\/visit-meknes.com\/fr\/wp-json\/wp\/v2\/posts\/2333\/revisions\/2335"}],"wp:featuredmedia":[{"embeddable":true,"href":"https:\/\/visit-meknes.com\/fr\/wp-json\/wp\/v2\/media\/2334"}],"wp:attachment":[{"href":"https:\/\/visit-meknes.com\/fr\/wp-json\/wp\/v2\/media?parent=2333"}],"wp:term":[{"taxonomy":"category","embeddable":true,"href":"https:\/\/visit-meknes.com\/fr\/wp-json\/wp\/v2\/categories?post=2333"},{"taxonomy":"post_tag","embeddable":true,"href":"https:\/\/visit-meknes.com\/fr\/wp-json\/wp\/v2\/tags?post=2333"}],"curies":[{"name":"wp","href":"https:\/\/api.w.org\/{rel}","templated":true}]}}