{"id":2326,"date":"2016-09-07T17:19:44","date_gmt":"2016-09-07T17:19:44","guid":{"rendered":"http:\/\/visit-meknes.com\/?p=2326"},"modified":"2016-09-07T17:19:44","modified_gmt":"2016-09-07T17:19:44","slug":"le-maroc-offre-plusieurs-destinations-touristiques-ideales","status":"publish","type":"post","link":"https:\/\/visit-meknes.com\/fr\/le-maroc-offre-plusieurs-destinations-touristiques-ideales\/","title":{"rendered":"Le Maroc offre plusieurs destinations TOURISTIQUES id\u00e9ales"},"content":{"rendered":"<p style=\"text-align: justify;\">Alors que les vacances d\u2019\u00e9t\u00e9 arrivent \u00e0 leur fin, certains pr\u00e9parent la rentr\u00e9e scolaire des enfants ou ont d\u00e9j\u00e0 repris le chemin du travail. Mais pour d\u2019autres, les vacances ne font que commencer. Apr\u00e8s les juilletistes et aoutiens c\u2019est au tour des \u00ab\u00a0septembristes\u00a0\u00bb de se pr\u00e9parer \u00e0 passer des vacances \u00e0 petit prix et, surtout, au calme. Pour ces retardataires des vacances, le Maroc offre plusieurs destinations id\u00e9ales, \u00e0 la fois pour les amateurs de bronzette en solitaire, et ceux souhaitant visiter hauts-lieux du tourisme\u2026sans touristes.<\/p>\n<h3 style=\"text-align: justify;\">T\u00e9touan, l&rsquo;Andalouse<\/h3>\n<p style=\"text-align: justify;\"><img loading=\"lazy\" decoding=\"async\" class=\"alignnone size-full wp-image-3764\" src=\"http:\/\/www.visittanger.com\/assets\/T\u00e9touan-lAndalouse.jpg\" alt=\"tetouan-landalouse\" width=\"1200\" height=\"825\" \/><\/p>\n<p style=\"text-align: justify;\">Plages vides, prix de l\u2019immobilier en chute libre, vous pourrez enfin aller, durant ces vacances, au nord dont tout le monde vous a tant parl\u00e9. Les plus curieux en profiteront pour visiter sa M\u00e9dina, class\u00e9e au patrimoine mondial de l\u2019UNESCO et ses tanneries, moins touristiques que celles de F\u00e8s, mais tout aussi impressionnantes.<\/p>\n<h3 style=\"text-align: justify;\">Essaouira, la muse<\/h3>\n<p><img loading=\"lazy\" decoding=\"async\" class=\"alignnone size-full wp-image-3765\" src=\"http:\/\/www.visittanger.com\/assets\/Essaouira-la-muse.jpg\" alt=\"essaouira-la-muse\" width=\"1200\" height=\"900\" \/><\/p>\n<p style=\"text-align: justify;\">Si la cit\u00e9 du vent est souvent \u00e9clips\u00e9e par sa voisine Marrakech, elle reste l&rsquo;un des joyaux culturels du pays, avec ses forteresses, ses d\u00e9dales et son ancienne m\u00e9dina. Les cin\u00e9philes en profiteront pour visiter les d\u00e9cors qui ont inspir\u00e9 le mythique Orson Welles, qui y a tourn\u00e9 un de ses chefs d\u2019\u0153uvre, Othello.<\/p>\n<h3 style=\"text-align: justify;\">Ouarzazate, le hollywood marocain<\/h3>\n<p><img loading=\"lazy\" decoding=\"async\" class=\"alignnone size-full wp-image-3766\" src=\"http:\/\/www.visittanger.com\/assets\/Ouarzazate-le-hollywood-marocain.jpg\" alt=\"ouarzazate-le-hollywood-marocain\" width=\"1200\" height=\"800\" \/><\/p>\n<p style=\"text-align: justify;\">Aux 40 degr\u00e9s en juillet et en ao\u00fbt, les vacanciers pr\u00e9f\u00e9reront les temp\u00e9ratures bien plus cl\u00e9mentes du mois de septembre. Cet \u00ab\u00a0Hollywood\u00a0\u00bb d\u2019Afrique du nord vous donnera l\u2019occasion de d\u00e9couvrir les studios qui ont servi de d\u00e9cor au classique Laurence d\u2019Arabie ou \u00e0 des blockbusters comme Gladiator.<\/p>\n<h3 style=\"text-align: justify;\">Tanger, la culturelle<\/h3>\n<p><img loading=\"lazy\" decoding=\"async\" class=\"alignnone size-full wp-image-3767\" src=\"http:\/\/www.visittanger.com\/assets\/Tanger-la-culturelle.jpg\" alt=\"tanger-la-culturelle\" width=\"1200\" height=\"801\" \/><\/p>\n<p style=\"text-align: justify;\">Si la saison des festivals s\u2019ach\u00e8ve, Tanger, elle a choisi de prolonger les festivit\u00e9s. La ville accueille \u00e0 partir du 22 au 25 septembre la 17e \u00e9dition du festival Tanjazz. Une aubaine pour les amateurs de Jazz, mais aussi pour les novices \u00e0 la recherche d\u2019une initiation \u00e0 ce genre musical<\/p>\n<h3 style=\"text-align: justify;\">Agadir, entre mer et d\u00e9sert<\/h3>\n<p><img loading=\"lazy\" decoding=\"async\" class=\"alignnone size-full wp-image-3768\" src=\"http:\/\/www.visittanger.com\/assets\/Agadir-entre-mer-et-d\u00e9sert.jpg\" alt=\"agadir-entre-mer-et-desert\" width=\"1200\" height=\"789\" \/><\/p>\n<p style=\"text-align: justify;\">Si les chaleurs extr\u00eames et les masses de touristes \u00e9trangers vous font fuir, le mois de septembre est la p\u00e9riode propice pour d\u00e9couvrir Agadir. La ville offre la rare option de pouvoir \u00e0 la fois profiter de ses plages mais aussi du d\u00e9sert environnant. Vous pourrez m\u00eame recourir aux services d\u2019un guide touristique, ces derniers baissant leurs tarifs durant cette p\u00e9riode de l&rsquo;ann\u00e9e.<\/p>\n<h3 style=\"text-align: justify;\">Sidi Ifni, l&rsquo;enclave berb\u00e8re<\/h3>\n<p><img loading=\"lazy\" decoding=\"async\" class=\"alignnone size-full wp-image-3769\" src=\"http:\/\/www.visittanger.com\/assets\/Sidi-Ifni-lenclave-berb\u00e8re.jpg\" alt=\"sidi-ifni-lenclave-berbere\" width=\"1200\" height=\"803\" \/><\/p>\n<p style=\"text-align: justify;\">Les enfants et les adolescents auront repris le chemin de l\u2019\u00e9cole. Vous pourrez enfin profiter des plages de Sidi Ifni en solitaire, et ainsi d\u00e9couvrir la mythique Legzira beach et ses vagues dans le calme et la s\u00e9r\u00e9nit\u00e9. Vous pourrez \u00e9galement vous payer \u00e0 prix abordable une chambre avec vue sur l\u2019oc\u00e9an Atlantique.<\/p>\n<h3 style=\"text-align: justify;\">Moulay Bousselham, le paradis des surfeurs<\/h3>\n<p><img loading=\"lazy\" decoding=\"async\" class=\"alignnone size-full wp-image-3770\" src=\"http:\/\/www.visittanger.com\/assets\/Moulay-Bousselham-le-paradis-des-surfeurs.jpg\" alt=\"moulay-bousselham-le-paradis-des-surfeurs\" width=\"1200\" height=\"799\" \/><\/p>\n<p style=\"text-align: justify;\">Les p\u00eacheurs du dimanche pourront aussi y planter leur canne sans risquer d\u2019attraper un touriste. Mais la station baln\u00e9aire est surtout r\u00e9put\u00e9e pour \u00eatre un des hauts lieux du surf au Maroc, pour ceux qui souhaitent s\u2019y initier en solitaire ou en famille.<\/p>\n<h3 style=\"text-align: justify;\">Oualidia, la perle des vacanciers<\/h3>\n<p><img loading=\"lazy\" decoding=\"async\" class=\"alignnone size-full wp-image-3771\" src=\"http:\/\/www.visittanger.com\/assets\/Oualidia-la-perle-des-vacanciers.jpg\" alt=\"oualidia-la-perle-des-vacanciers\" width=\"1200\" height=\"800\" \/><\/p>\n<p style=\"text-align: justify;\">Situ\u00e9e \u00e0 moins de 200 km de Casablanca, cette charmante station baln\u00e9aire offre un paysage somptueux avec sa lagune et ses \u00eelots \u00e9ph\u00e9m\u00e8res. Les amateurs de fruits de mer pourront y d\u00e9guster les sp\u00e9cialit\u00e9s locales, tout juste sorties de l\u2019eau, avec vue sur mer en bonus, et surtout, sans d\u00e9passer son budget vacances.<\/p>\n<h3 style=\"text-align: justify;\">Chefchaouen, la ville bleue<\/h3>\n<p><img loading=\"lazy\" decoding=\"async\" class=\"alignnone size-full wp-image-3772\" src=\"http:\/\/www.visittanger.com\/assets\/Chefchaouen-la-ville-bleue.jpg\" alt=\"chefchaouen-la-ville-bleue\" width=\"1200\" height=\"834\" \/><\/p>\n<p style=\"text-align: justify;\">P\u00e9riode id\u00e9ale pour visiter ce joyau du nord. Temp\u00e9ratures en baisse mais cl\u00e9mentes, chambres \u00e0 prix raisonnables. Vous pourrez m\u00eame vous payer le luxe d\u2019une baignade en solitaire dans les cascades d\u2019Akchour. Les amateurs d\u2019air frais et de nature pr\u00e9f\u00e9reront les auberges environnantes qui, aussi, baissent leur tarifs durant ce mois de rentr\u00e9e scolaire.<\/p>\n<h3 style=\"text-align: justify;\">Marrakech, la touristique<\/h3>\n<p><img loading=\"lazy\" decoding=\"async\" class=\"alignnone size-full wp-image-3773\" src=\"http:\/\/www.visittanger.com\/assets\/Marrakech-la-touristique.jpg\" alt=\"marrakech-la-touristique\" width=\"1200\" height=\"803\" \/><\/p>\n<p style=\"text-align: justify;\">Un s\u00e9jour en septembre vous permettra d\u2019enfin visiter la ville, en vous \u00e9pargnant la foule de touristes habituelle. Mais le r\u00e9el attrait reste les prix des h\u00f4tels, qui multiplient les promotions et les offres pour attirer les vacanciers r\u00e9calcitrants.<\/p>\n","protected":false},"excerpt":{"rendered":"<p>Alors que les vacances d\u2019\u00e9t\u00e9 arrivent \u00e0 leur fin, certains pr\u00e9parent la rentr\u00e9e scolaire des enfants ou ont d\u00e9j\u00e0 repris le chemin du travail. Mais pour d\u2019autres, les vacances ne font que commencer. Apr\u00e8s les juilletistes et aoutiens c\u2019est au tour des \u00ab\u00a0septembristes\u00a0\u00bb de se pr\u00e9parer \u00e0 passer des vacances \u00e0 petit prix et, surtout,<\/p>\n","protected":false},"author":1,"featured_media":2327,"comment_status":"open","ping_status":"open","sticky":false,"template":"","format":"standard","meta":{"footnotes":""},"categories":[6],"tags":[],"_links":{"self":[{"href":"https:\/\/visit-meknes.com\/fr\/wp-json\/wp\/v2\/posts\/2326"}],"collection":[{"href":"https:\/\/visit-meknes.com\/fr\/wp-json\/wp\/v2\/posts"}],"about":[{"href":"https:\/\/visit-meknes.com\/fr\/wp-json\/wp\/v2\/types\/post"}],"author":[{"embeddable":true,"href":"https:\/\/visit-meknes.com\/fr\/wp-json\/wp\/v2\/users\/1"}],"replies":[{"embeddable":true,"href":"https:\/\/visit-meknes.com\/fr\/wp-json\/wp\/v2\/comments?post=2326"}],"version-history":[{"count":1,"href":"https:\/\/visit-meknes.com\/fr\/wp-json\/wp\/v2\/posts\/2326\/revisions"}],"predecessor-version":[{"id":2328,"href":"https:\/\/visit-meknes.com\/fr\/wp-json\/wp\/v2\/posts\/2326\/revisions\/2328"}],"wp:featuredmedia":[{"embeddable":true,"href":"https:\/\/visit-meknes.com\/fr\/wp-json\/wp\/v2\/media\/2327"}],"wp:attachment":[{"href":"https:\/\/visit-meknes.com\/fr\/wp-json\/wp\/v2\/media?parent=2326"}],"wp:term":[{"taxonomy":"category","embeddable":true,"href":"https:\/\/visit-meknes.com\/fr\/wp-json\/wp\/v2\/categories?post=2326"},{"taxonomy":"post_tag","embeddable":true,"href":"https:\/\/visit-meknes.com\/fr\/wp-json\/wp\/v2\/tags?post=2326"}],"curies":[{"name":"wp","href":"https:\/\/api.w.org\/{rel}","templated":true}]}}