{"id":2314,"date":"2016-07-25T17:07:15","date_gmt":"2016-07-25T17:07:15","guid":{"rendered":"http:\/\/visit-meknes.com\/?p=2314"},"modified":"2016-07-25T17:07:15","modified_gmt":"2016-07-25T17:07:15","slug":"festival-de-volubilis-majda-el-yahyaoui-en-maitresse-de-ceremonie","status":"publish","type":"post","link":"https:\/\/visit-meknes.com\/fr\/festival-de-volubilis-majda-el-yahyaoui-en-maitresse-de-ceremonie\/","title":{"rendered":"FESTIVAL DE VOLUBILIS: MAJDA EL YAHYAOUI EN MA\u00ceTRESSE DE C\u00c9R\u00c9MONIE"},"content":{"rendered":"<p style=\"text-align: justify;\">La 17e \u00e9dition du festival international de Volubilis se d\u00e9roulera cette ann\u00e9e du 21 au 27 juillet. La chanteuse de Melhoun Majda El Yahyaoui en est la ma\u00eetresse de c\u00e9r\u00e9monie.<\/p>\n<p style=\"text-align: justify;\">La chanteuse de melhoun et animatrice Majda El Yahyaoui est la ma\u00eetresse de c\u00e9r\u00e9monie de la 17e \u00e9dition du festival international de Volubilis. L\u2019artiste confie \u00e0 Le360 qu\u2019elle est en plein essayage de costumes et qu\u2019elle s\u2019appr\u00eate \u00e0 ouvrir le bal de cet \u00e9v\u00e9nement qui d\u00e9marre demain jeudi.<\/p>\n<p style=\"text-align: justify;\">Cette ann\u00e9e, le festival puise dans le r\u00e9pertoire et patrimoine traditionnel de plusieurs pays, dont la C\u00f4te d\u2019Ivoire, la Cor\u00e9e du Sud, l\u2019Egypte, l\u2019Espagne, la Pologne et le Maroc.<\/p>\n<p style=\"text-align: justify;\">Le programme pr\u00e9voit des soir\u00e9es artistiques anim\u00e9es par nombre de troupes sur la place Lahdim, le th\u00e9\u00e2tre Agora, mais aussi sur le site historique de Volubilis.<\/p>\n<p style=\"text-align: justify;\">Participent \u00e0 ce festival le groupe Leila Lamrini pour la musique et la litt\u00e9rature arabes, Afrah F\u00e8s du Hait et Bnat Gnaoua, ainsi que la troupe \u00e9gyptienne Oum Kaltoum.<\/p>\n<p style=\"text-align: justify;\">Le festival sera \u00e9galement agr\u00e9ment\u00e9 par des spectacles donn\u00e9s par les troupes Achour Lakhdiri et Aissaoua, ainsi que par les artistes Latifa Raafat, Farid Ghannam et Hatem Iddar.<\/p>\n","protected":false},"excerpt":{"rendered":"<p>La 17e \u00e9dition du festival international de Volubilis se d\u00e9roulera cette ann\u00e9e du 21 au 27 juillet. La chanteuse de Melhoun Majda El Yahyaoui en est la ma\u00eetresse de c\u00e9r\u00e9monie. La chanteuse de melhoun et animatrice Majda El Yahyaoui est la ma\u00eetresse de c\u00e9r\u00e9monie de la 17e \u00e9dition du festival international de Volubilis. L\u2019artiste confie<\/p>\n","protected":false},"author":1,"featured_media":2315,"comment_status":"open","ping_status":"open","sticky":false,"template":"","format":"standard","meta":{"footnotes":""},"categories":[6],"tags":[],"_links":{"self":[{"href":"https:\/\/visit-meknes.com\/fr\/wp-json\/wp\/v2\/posts\/2314"}],"collection":[{"href":"https:\/\/visit-meknes.com\/fr\/wp-json\/wp\/v2\/posts"}],"about":[{"href":"https:\/\/visit-meknes.com\/fr\/wp-json\/wp\/v2\/types\/post"}],"author":[{"embeddable":true,"href":"https:\/\/visit-meknes.com\/fr\/wp-json\/wp\/v2\/users\/1"}],"replies":[{"embeddable":true,"href":"https:\/\/visit-meknes.com\/fr\/wp-json\/wp\/v2\/comments?post=2314"}],"version-history":[{"count":1,"href":"https:\/\/visit-meknes.com\/fr\/wp-json\/wp\/v2\/posts\/2314\/revisions"}],"predecessor-version":[{"id":2316,"href":"https:\/\/visit-meknes.com\/fr\/wp-json\/wp\/v2\/posts\/2314\/revisions\/2316"}],"wp:featuredmedia":[{"embeddable":true,"href":"https:\/\/visit-meknes.com\/fr\/wp-json\/wp\/v2\/media\/2315"}],"wp:attachment":[{"href":"https:\/\/visit-meknes.com\/fr\/wp-json\/wp\/v2\/media?parent=2314"}],"wp:term":[{"taxonomy":"category","embeddable":true,"href":"https:\/\/visit-meknes.com\/fr\/wp-json\/wp\/v2\/categories?post=2314"},{"taxonomy":"post_tag","embeddable":true,"href":"https:\/\/visit-meknes.com\/fr\/wp-json\/wp\/v2\/tags?post=2314"}],"curies":[{"name":"wp","href":"https:\/\/api.w.org\/{rel}","templated":true}]}}