{"id":2279,"date":"2016-05-20T23:54:35","date_gmt":"2016-05-20T23:54:35","guid":{"rendered":"http:\/\/visit-meknes.com\/?p=2279"},"modified":"2016-05-20T23:54:35","modified_gmt":"2016-05-20T23:54:35","slug":"meknes-signature-dune-convention-de-partenariat-entre-la-cu-et-le-crt","status":"publish","type":"post","link":"https:\/\/visit-meknes.com\/fr\/meknes-signature-dune-convention-de-partenariat-entre-la-cu-et-le-crt\/","title":{"rendered":"Mekn\u00e8s : signature d\u2019une convention de partenariat entre la CU et le CRT"},"content":{"rendered":"<p style=\"text-align: justify;\">La Commune Urbaine de Mekn\u00e8s, et le Conseil R\u00e9gional Touristique, pr\u00e9sid\u00e9s respectivement par <strong>Abdellah Bouanou<\/strong> et <strong>Adel Terrab<\/strong>, ont d\u00e9cid\u00e9 d\u2019unifier leurs efforts pour le d\u00e9veloppement du secteur touristique dans la capitale isma\u00eflienne. A cet \u00e9gard, une convention de partenariat destin\u00e9e \u00e0 d\u00e9velopper ce secteur et \u00e0 booster la destination de la ville a \u00e9t\u00e9 sign\u00e9e r\u00e9cemment entre les deux institutions. L\u2019objet de cet accord est de cr\u00e9er une dynamique touristique durable \u00e0 Mekn\u00e8s conform\u00e9ment \u00e0 la strat\u00e9gie nationale 2020. Cette convention pr\u00e9voit, \u00e0 la fois, l\u2019\u00e9laboration par le CRT d\u2019un plan d\u2019action annuel afin de promouvoir les atouts touristiques de la ville et impliquer le Conseil Communal dans toutes les manifestations. De son c\u00f4t\u00e9, la CU accepte \u00e0 verser une enveloppe budg\u00e9taire annuelle de 100 mille DH au CRT pour une dur\u00e9e de 3 ann\u00e9es renouvelables pour aider le CRT \u00e0 nouer des relations avec des villes marocaines et \u00e9trang\u00e8res pour partager avec elles leurs exp\u00e9riences dans le domaine touristique.<\/p>\n","protected":false},"excerpt":{"rendered":"<p>La Commune Urbaine de Mekn\u00e8s, et le Conseil R\u00e9gional Touristique, pr\u00e9sid\u00e9s respectivement par Abdellah Bouanou et Adel Terrab, ont d\u00e9cid\u00e9 d\u2019unifier leurs efforts pour le d\u00e9veloppement du secteur touristique dans la capitale isma\u00eflienne. A cet \u00e9gard, une convention de partenariat destin\u00e9e \u00e0 d\u00e9velopper ce secteur et \u00e0 booster la destination de la ville a \u00e9t\u00e9<\/p>\n","protected":false},"author":1,"featured_media":2280,"comment_status":"open","ping_status":"open","sticky":false,"template":"","format":"standard","meta":{"footnotes":""},"categories":[6],"tags":[],"_links":{"self":[{"href":"https:\/\/visit-meknes.com\/fr\/wp-json\/wp\/v2\/posts\/2279"}],"collection":[{"href":"https:\/\/visit-meknes.com\/fr\/wp-json\/wp\/v2\/posts"}],"about":[{"href":"https:\/\/visit-meknes.com\/fr\/wp-json\/wp\/v2\/types\/post"}],"author":[{"embeddable":true,"href":"https:\/\/visit-meknes.com\/fr\/wp-json\/wp\/v2\/users\/1"}],"replies":[{"embeddable":true,"href":"https:\/\/visit-meknes.com\/fr\/wp-json\/wp\/v2\/comments?post=2279"}],"version-history":[{"count":1,"href":"https:\/\/visit-meknes.com\/fr\/wp-json\/wp\/v2\/posts\/2279\/revisions"}],"predecessor-version":[{"id":2281,"href":"https:\/\/visit-meknes.com\/fr\/wp-json\/wp\/v2\/posts\/2279\/revisions\/2281"}],"wp:featuredmedia":[{"embeddable":true,"href":"https:\/\/visit-meknes.com\/fr\/wp-json\/wp\/v2\/media\/2280"}],"wp:attachment":[{"href":"https:\/\/visit-meknes.com\/fr\/wp-json\/wp\/v2\/media?parent=2279"}],"wp:term":[{"taxonomy":"category","embeddable":true,"href":"https:\/\/visit-meknes.com\/fr\/wp-json\/wp\/v2\/categories?post=2279"},{"taxonomy":"post_tag","embeddable":true,"href":"https:\/\/visit-meknes.com\/fr\/wp-json\/wp\/v2\/tags?post=2279"}],"curies":[{"name":"wp","href":"https:\/\/api.w.org\/{rel}","templated":true}]}}