{"id":2262,"date":"2016-04-22T13:55:20","date_gmt":"2016-04-22T13:55:20","guid":{"rendered":"http:\/\/visit-meknes.com\/?p=2262"},"modified":"2016-04-22T13:55:20","modified_gmt":"2016-04-22T13:55:20","slug":"11eme-edition-du-salon-international-de-lagriculture-du-27-avril-au-1er-mai-a-meknes-avec-la-participation-de-quelques-1200-exposants-issus-de-60-pays","status":"publish","type":"post","link":"https:\/\/visit-meknes.com\/fr\/11eme-edition-du-salon-international-de-lagriculture-du-27-avril-au-1er-mai-a-meknes-avec-la-participation-de-quelques-1200-exposants-issus-de-60-pays\/","title":{"rendered":"11\u00e8me \u00e9dition du Salon International de l\u2019Agriculture du 27 Avril au 1er Mai \u00e0 Meknes  avec la participation de quelques 1200 exposants, issus de 60 pays"},"content":{"rendered":"<p style=\"text-align: justify;\">Ce Salon devrait drainer plus de 800.000 visiteurs cette ann\u00e9e, a pr\u00e9cise le ministrede l\u2019Agriculture. Le ministre n\u2019a pas cach\u00e9 sa satisfaction \u00e0 l\u2019annonce de la participation des Emirats Arabes Unis en tant qu\u2019invit\u00e9 d\u2019honneur de cette \u00e9dition, organis\u00e9e sous le th\u00e8me \u00ab l\u2019optimisation des ressources pour une agriculture performante et durable \u00bb.<\/p>\n<p style=\"text-align: justify;\">Il s\u2019agit d\u2019un rendez-vous incontournable qui constitue une occasion propice pour les visiteurs et les professionnels de s\u2019informer des \u00e9tapes franchises par l\u2019agriculture marocaine. Pour sa part, Jaouad Chami, le commissaire du SIAM , a indiqu\u00e9 que tout est mis en ouvre pour la r\u00e9ussite de cette manifestation agricole qui reste l\u2019une des premi\u00e8re en Afrique et qui sera marqu\u00e9e par un programme riche s\u2019articulant autour du partage des r\u00e9sultats des recherches et exp\u00e9riences via un cycle de conf\u00e9rences, d\u2019interventions des experts et de conventions de partenariats avec la participation d\u2019op\u00e9rateurs \u00e9conomiques et de professionnels.<\/p>\n<p style=\"text-align: justify;\">Initi\u00e9 sous le haut patronage du Roi Mohammed VI, le Salon sera \u00e9rig\u00e9 sur une superficie globale de 172.000 m2, dont 80.000 m2 couverte avec 3000 places de parking.<\/p>\n","protected":false},"excerpt":{"rendered":"<p>Ce Salon devrait drainer plus de 800.000 visiteurs cette ann\u00e9e, a pr\u00e9cise le ministrede l\u2019Agriculture. Le ministre n\u2019a pas cach\u00e9 sa satisfaction \u00e0 l\u2019annonce de la participation des Emirats Arabes Unis en tant qu\u2019invit\u00e9 d\u2019honneur de cette \u00e9dition, organis\u00e9e sous le th\u00e8me \u00ab l\u2019optimisation des ressources pour une agriculture performante et durable \u00bb. Il s\u2019agit<\/p>\n","protected":false},"author":1,"featured_media":2263,"comment_status":"open","ping_status":"open","sticky":false,"template":"","format":"standard","meta":{"footnotes":""},"categories":[6],"tags":[],"_links":{"self":[{"href":"https:\/\/visit-meknes.com\/fr\/wp-json\/wp\/v2\/posts\/2262"}],"collection":[{"href":"https:\/\/visit-meknes.com\/fr\/wp-json\/wp\/v2\/posts"}],"about":[{"href":"https:\/\/visit-meknes.com\/fr\/wp-json\/wp\/v2\/types\/post"}],"author":[{"embeddable":true,"href":"https:\/\/visit-meknes.com\/fr\/wp-json\/wp\/v2\/users\/1"}],"replies":[{"embeddable":true,"href":"https:\/\/visit-meknes.com\/fr\/wp-json\/wp\/v2\/comments?post=2262"}],"version-history":[{"count":1,"href":"https:\/\/visit-meknes.com\/fr\/wp-json\/wp\/v2\/posts\/2262\/revisions"}],"predecessor-version":[{"id":2264,"href":"https:\/\/visit-meknes.com\/fr\/wp-json\/wp\/v2\/posts\/2262\/revisions\/2264"}],"wp:featuredmedia":[{"embeddable":true,"href":"https:\/\/visit-meknes.com\/fr\/wp-json\/wp\/v2\/media\/2263"}],"wp:attachment":[{"href":"https:\/\/visit-meknes.com\/fr\/wp-json\/wp\/v2\/media?parent=2262"}],"wp:term":[{"taxonomy":"category","embeddable":true,"href":"https:\/\/visit-meknes.com\/fr\/wp-json\/wp\/v2\/categories?post=2262"},{"taxonomy":"post_tag","embeddable":true,"href":"https:\/\/visit-meknes.com\/fr\/wp-json\/wp\/v2\/tags?post=2262"}],"curies":[{"name":"wp","href":"https:\/\/api.w.org\/{rel}","templated":true}]}}