{"id":2250,"date":"2016-03-02T17:30:29","date_gmt":"2016-03-02T17:30:29","guid":{"rendered":"http:\/\/visit-meknes.com\/?p=2250"},"modified":"2016-03-02T17:31:18","modified_gmt":"2016-03-02T17:31:18","slug":"1ere-residence-francophone-decriture-pour-le-film-danimation-a-meknes","status":"publish","type":"post","link":"https:\/\/visit-meknes.com\/fr\/1ere-residence-francophone-decriture-pour-le-film-danimation-a-meknes\/","title":{"rendered":"1\u00e8re R\u00e9sidence francophone d\u2019\u00e9criture pour le film d\u2019animation \u00e0 Mekn\u00e8s"},"content":{"rendered":"<p style=\"text-align: justify;\">Une premi\u00e8re africaine \u00e0 Mekn\u00e8s\u00a0! A l\u2019occasion de la 15\u00e8me \u00e9dition du Festival International de Cin\u00e9ma d\u2019Animation de Mekn\u00e8s, la 1\u00e8re R\u00e9sidence francophone d\u2019\u00e9criture pour le film d\u2019animation se tiendra \u00e0 Mekn\u00e8s du vendredi 25 mars au jeudi 21 avril 2016.<\/p>\n<p style=\"text-align: justify;\">La cr\u00e9ation d\u2019une r\u00e9sidence francophone d\u2019\u00e9criture pour le film d\u2019animation \u00e0 Mekn\u00e8s est une initiative conjointe de la NEF Animation (Nouvelles \u00e9critures pour le film d\u2019animation), l\u2019Institut Fran\u00e7ais de Mekn\u00e8s et la Fondation A\u00efcha, en partenariat avec Folioscope (avec le soutien de la SACD Belgique et Wallonie-Bruxelles Images), l\u2019Office National du Film du Canada et l\u2019Acad\u00e9mie Libanaise des Beaux-Arts de Beyrouth (ALBA), Liban.<\/p>\n<p style=\"text-align: justify;\">Cette r\u00e9sidence a b\u00e9n\u00e9fici\u00e9 \u00e9galement du soutien de l\u2019Institut fran\u00e7ais du Maroc et de l\u2019Institut fran\u00e7ais &#8211; Paris.<\/p>\n<p style=\"text-align: justify;\">Elle r\u00e9pond au besoin de cr\u00e9er sur le continent africain et particuli\u00e8rement au Maroc un lieu d\u2019\u00e9change, de formation et de cr\u00e9ation artistique destin\u00e9 aux auteurs et r\u00e9alisateurs \u00e9mergents des pays francophones.<\/p>\n<p style=\"text-align: justify;\">Elle se situe \u00e0 la crois\u00e9e d\u2019enjeux essentiels que sont\u00a0: la mobilit\u00e9 internationale des jeunes cr\u00e9ateurs,\u00a0le d\u00e9veloppement d\u2019\u00e9changes artistiques et culturels dans le cadre de la\u00a0francophonie,\u00a0la structuration d\u2019une fili\u00e8re de l\u2019image dans les pays africains et le d\u00e9veloppement de comp\u00e9tences d\u2019\u00e9criture en animation.<\/p>\n<p style=\"text-align: justify;\">La premi\u00e8re \u00e9dition de cette r\u00e9sidence accueillera six jeunes auteurs-r\u00e9alisateurs de film d\u2019animation issus de pays francophones, en visant une parit\u00e9 entre Pays du Nord (France, Belgique, Canada) et du Sud (Maroc, Madagascar, Liban) pour un s\u00e9jour de 4 semaines encadr\u00e9 par Delphine Maury, sc\u00e9nariste et productrice fran\u00e7aise.<\/p>\n<p style=\"text-align: justify;\">Les r\u00e9alisateurs retenus pour cette premi\u00e8re r\u00e9sidence sont\u00a0:<\/p>\n<ul>\n<li style=\"text-align: justify;\">C\u00e9lia Bchir, Maroc<\/li>\n<li style=\"text-align: justify;\">El\u00e9onore Goldberg, Canada<\/li>\n<li style=\"text-align: justify;\">L\u00e9a Kamel, Liban<\/li>\n<li style=\"text-align: justify;\">Sophie Racine, France<\/li>\n<li style=\"text-align: justify;\">\u00a0Margot Reumont, Belgique<\/li>\n<li style=\"text-align: justify;\">Sitraka Randrimahaly, Madagascar<\/li>\n<\/ul>\n","protected":false},"excerpt":{"rendered":"<p>Une premi\u00e8re africaine \u00e0 Mekn\u00e8s\u00a0! A l\u2019occasion de la 15\u00e8me \u00e9dition du Festival International de Cin\u00e9ma d\u2019Animation de Mekn\u00e8s, la 1\u00e8re R\u00e9sidence francophone d\u2019\u00e9criture pour le film d\u2019animation se tiendra \u00e0 Mekn\u00e8s du vendredi 25 mars au jeudi 21 avril 2016. La cr\u00e9ation d\u2019une r\u00e9sidence francophone d\u2019\u00e9criture pour le film d\u2019animation \u00e0 Mekn\u00e8s est une<\/p>\n","protected":false},"author":1,"featured_media":2241,"comment_status":"open","ping_status":"open","sticky":false,"template":"","format":"standard","meta":{"footnotes":""},"categories":[6],"tags":[],"_links":{"self":[{"href":"https:\/\/visit-meknes.com\/fr\/wp-json\/wp\/v2\/posts\/2250"}],"collection":[{"href":"https:\/\/visit-meknes.com\/fr\/wp-json\/wp\/v2\/posts"}],"about":[{"href":"https:\/\/visit-meknes.com\/fr\/wp-json\/wp\/v2\/types\/post"}],"author":[{"embeddable":true,"href":"https:\/\/visit-meknes.com\/fr\/wp-json\/wp\/v2\/users\/1"}],"replies":[{"embeddable":true,"href":"https:\/\/visit-meknes.com\/fr\/wp-json\/wp\/v2\/comments?post=2250"}],"version-history":[{"count":1,"href":"https:\/\/visit-meknes.com\/fr\/wp-json\/wp\/v2\/posts\/2250\/revisions"}],"predecessor-version":[{"id":2251,"href":"https:\/\/visit-meknes.com\/fr\/wp-json\/wp\/v2\/posts\/2250\/revisions\/2251"}],"wp:featuredmedia":[{"embeddable":true,"href":"https:\/\/visit-meknes.com\/fr\/wp-json\/wp\/v2\/media\/2241"}],"wp:attachment":[{"href":"https:\/\/visit-meknes.com\/fr\/wp-json\/wp\/v2\/media?parent=2250"}],"wp:term":[{"taxonomy":"category","embeddable":true,"href":"https:\/\/visit-meknes.com\/fr\/wp-json\/wp\/v2\/categories?post=2250"},{"taxonomy":"post_tag","embeddable":true,"href":"https:\/\/visit-meknes.com\/fr\/wp-json\/wp\/v2\/tags?post=2250"}],"curies":[{"name":"wp","href":"https:\/\/api.w.org\/{rel}","templated":true}]}}