{"id":2247,"date":"2016-03-01T12:58:43","date_gmt":"2016-03-01T12:58:43","guid":{"rendered":"http:\/\/visit-meknes.com\/?p=2247"},"modified":"2016-03-01T12:58:43","modified_gmt":"2016-03-01T12:58:43","slug":"la-chambre-dartisanat-de-fes-meknes-souvre-sur-des-instituts-pour-booster-le-secteur-de-lartisanat","status":"publish","type":"post","link":"https:\/\/visit-meknes.com\/fr\/la-chambre-dartisanat-de-fes-meknes-souvre-sur-des-instituts-pour-booster-le-secteur-de-lartisanat\/","title":{"rendered":"La chambre d\u2019artisanat de F\u00e8s-Mekn\u00e8s s\u2019ouvre sur des instituts pour booster le secteur de l\u2019artisanat"},"content":{"rendered":"<p style=\"text-align: justify;\">La Chambre d\u2019artisanat de F\u00e8s-Mekn\u00e8s a d\u00e9cid\u00e9, lors de sa derni\u00e8re session ordinaire, d\u2019approuver une nouvelle liste de partenaires comprenant des instituts ainsi que des experts, et ce en vue de booster le secteur de l\u2019artisanat, grand pourvoyeur d\u2019emploi.<\/p>\n<p style=\"text-align: justify;\">Cette initiative refl\u00e8te en premier lieu l\u2019int\u00e9r\u00eat qu\u2019accordent ces partenaires au secteur, ainsi que leur contribution visant notamment \u00e0 d\u00e9velopper les produits d\u2019artisanat.<\/p>\n<p style=\"text-align: justify;\">MAP<\/p>\n","protected":false},"excerpt":{"rendered":"<p>La Chambre d\u2019artisanat de F\u00e8s-Mekn\u00e8s a d\u00e9cid\u00e9, lors de sa derni\u00e8re session ordinaire, d\u2019approuver une nouvelle liste de partenaires comprenant des instituts ainsi que des experts, et ce en vue de booster le secteur de l\u2019artisanat, grand pourvoyeur d\u2019emploi. Cette initiative refl\u00e8te en premier lieu l\u2019int\u00e9r\u00eat qu\u2019accordent ces partenaires au secteur, ainsi que leur contribution<\/p>\n","protected":false},"author":1,"featured_media":2248,"comment_status":"open","ping_status":"open","sticky":false,"template":"","format":"standard","meta":{"footnotes":""},"categories":[6],"tags":[],"_links":{"self":[{"href":"https:\/\/visit-meknes.com\/fr\/wp-json\/wp\/v2\/posts\/2247"}],"collection":[{"href":"https:\/\/visit-meknes.com\/fr\/wp-json\/wp\/v2\/posts"}],"about":[{"href":"https:\/\/visit-meknes.com\/fr\/wp-json\/wp\/v2\/types\/post"}],"author":[{"embeddable":true,"href":"https:\/\/visit-meknes.com\/fr\/wp-json\/wp\/v2\/users\/1"}],"replies":[{"embeddable":true,"href":"https:\/\/visit-meknes.com\/fr\/wp-json\/wp\/v2\/comments?post=2247"}],"version-history":[{"count":1,"href":"https:\/\/visit-meknes.com\/fr\/wp-json\/wp\/v2\/posts\/2247\/revisions"}],"predecessor-version":[{"id":2249,"href":"https:\/\/visit-meknes.com\/fr\/wp-json\/wp\/v2\/posts\/2247\/revisions\/2249"}],"wp:featuredmedia":[{"embeddable":true,"href":"https:\/\/visit-meknes.com\/fr\/wp-json\/wp\/v2\/media\/2248"}],"wp:attachment":[{"href":"https:\/\/visit-meknes.com\/fr\/wp-json\/wp\/v2\/media?parent=2247"}],"wp:term":[{"taxonomy":"category","embeddable":true,"href":"https:\/\/visit-meknes.com\/fr\/wp-json\/wp\/v2\/categories?post=2247"},{"taxonomy":"post_tag","embeddable":true,"href":"https:\/\/visit-meknes.com\/fr\/wp-json\/wp\/v2\/tags?post=2247"}],"curies":[{"name":"wp","href":"https:\/\/api.w.org\/{rel}","templated":true}]}}