{"id":2213,"date":"2016-01-15T15:44:33","date_gmt":"2016-01-15T15:44:33","guid":{"rendered":"http:\/\/visit-meknes.com\/?p=2213"},"modified":"2016-01-15T15:44:33","modified_gmt":"2016-01-15T15:44:33","slug":"mon-beau-maroc-meknes-la-ville-aux-cent-minarets","status":"publish","type":"post","link":"https:\/\/visit-meknes.com\/fr\/mon-beau-maroc-meknes-la-ville-aux-cent-minarets\/","title":{"rendered":"Mon beau Maroc : Mekn\u00e8s, La ville aux cent minarets"},"content":{"rendered":"<p>Moulay Isma\u00efl fut un sultan b\u00e2tisseur qui a laiss\u00e9 \u00e0 cette ville les t\u00e9moignages de ses r\u00e9alisations hors normes. Inscrite au patrimoine de l\u2019UNESCO, Mekn\u00e8s constitue l\u2019une des destinations marocaines les plus marquantes pour d\u00e9couvrir l\u2019histoire du pays.<\/p>\n<h4>Dar Jama\u00ef \u2013\u00a0Mus\u00e9e des Arts et M\u00e9tiers traditionnels<\/h4>\n<p>Riad somptueux du puissant vizir Jama\u00ef, sous le r\u00e8gne du sultan Moulay Hassan. Vous y trouverez un havre de paix. Entre les zelliges, les marqueteries, les jardins, le bois de c\u00e8dre et les tapis, cette demeure bourgeoise de 1882 est un joyau de l\u2019architecture arabo-andalouse.<a href=\"http:\/\/visit-meknes.com\/wp-content\/uploads\/2016\/01\/musee-dar-jamai-600x3951.jpg\"><img loading=\"lazy\" decoding=\"async\" class=\"alignnone wp-image-2215\" src=\"http:\/\/visit-meknes.com\/wp-content\/uploads\/2016\/01\/musee-dar-jamai-600x3951.jpg\" alt=\"musee-dar-jamai-600x3951\" width=\"880\" height=\"330\" \/><\/a><\/p>\n<h4>Mausol\u00e9e de Moulay Isma\u00efl<\/h4>\n<p>C\u2019est un des rares sanctuaires du Maroc ouvert aux non-musulmans. On y p\u00e9n\u00e8tre par une porte tr\u00e8s ouvrag\u00e9e, d\u00e9cor\u00e9e d\u2019entrelacs et surmont\u00e9e d\u2019un auvent aux tuiles vertes. D\u2019une pi\u00e8ce contigu\u00eb \u00e0 ce dernier, on admire la salle orn\u00e9e de stucs et de mosa\u00efques o\u00f9 repose le sultan.<a href=\"http:\/\/visit-meknes.com\/wp-content\/uploads\/2016\/01\/Meknes-Mausolee-de-moulay-ismail-a-meknes.jpeg\"><img loading=\"lazy\" decoding=\"async\" class=\"size-full wp-image-2216 alignnone\" src=\"http:\/\/visit-meknes.com\/wp-content\/uploads\/2016\/01\/Meknes-Mausolee-de-moulay-ismail-a-meknes.jpeg\" alt=\"Meknes-Mausolee-de-moulay-ismail-a-meknes\" width=\"1554\" height=\"583\" \/><\/a><\/p>\n<h4>Bab Mansour<\/h4>\n<p>Moulay Isma\u00efl couronna son oeuvre de b\u00e2tisseur par cette construction aux proportions majestueuses, commenc\u00e9e peu de temps avant sa mort, par son fils Moulay Abdallah. Cette porte marquait d\u2019une sorte d\u2019arc triomphal l\u2019acc\u00e8s \u00e0 la cit\u00e9 imp\u00e9riale. Bab Mansour, appel\u00e9e aussi la porte \u00ab du ren\u00e9gat \u00bb, porte le nom de Masour el Aleuj,\u00a0un chr\u00e9tien converti qui en fut l\u2019architecte. Une galerie d\u2019exposition, qui accueille diverses cr\u00e9ations artistiques, a \u00e9t\u00e9 am\u00e9nag\u00e9e \u00e0 l\u2019int\u00e9rieur.<a href=\"http:\/\/visit-meknes.com\/wp-content\/uploads\/2016\/01\/big-15262676ff.jpg\"><img loading=\"lazy\" decoding=\"async\" class=\"size-full wp-image-2217 alignnone\" src=\"http:\/\/visit-meknes.com\/wp-content\/uploads\/2016\/01\/big-15262676ff.jpg\" alt=\"big-15262676ff\" width=\"1274\" height=\"477\" \/><\/a><\/p>\n<h4>Medersa Bou Inania<\/h4>\n<p>Ancienne \u00e9cole coranique, la Medersa Bou Inania est faite de calligraphie en stuc et en bois, l\u2019une des plus raffin\u00e9e du Maroc. Le premier\u00a0\u00e9tage comporte 13 chambres d\u2019\u00e9tudiants minuscules. De l\u00e0 on peut acc\u00e9der au\u00a0toit et admirer une superbe vue sur Mekn\u00e8s.<a href=\"http:\/\/visit-meknes.com\/wp-content\/uploads\/2016\/01\/tumblr_mseyh48q421qkwmgko1_1280.png\"><img loading=\"lazy\" decoding=\"async\" class=\"alignnone wp-image-2218\" src=\"http:\/\/visit-meknes.com\/wp-content\/uploads\/2016\/01\/tumblr_mseyh48q421qkwmgko1_1280.png\" alt=\"tumblr_mseyh48q421qkwmgko1_1280\" width=\"880\" height=\"330\" \/><\/a><\/p>\n<h4>M\u00e9dina de Mekn\u00e8s<\/h4>\n<p>Perdez-vous dans la M\u00e9dina, ses souks et ruelles m\u00e9di\u00e9vales. Entre ruelles color\u00e9es et petits magasins traditionnels, go\u00fbts et saveurs, c\u2019est un endroit tr\u00e8s agr\u00e9able pour fl\u00e2ner.<a href=\"http:\/\/visit-meknes.com\/wp-content\/uploads\/2016\/01\/meknes-medina-morocco-market-2013421976.jpg\"><img loading=\"lazy\" decoding=\"async\" class=\"size-full wp-image-2219 alignnone\" src=\"http:\/\/visit-meknes.com\/wp-content\/uploads\/2016\/01\/meknes-medina-morocco-market-2013421976.jpg\" alt=\"meknes-medina-morocco-market-2013421976\" width=\"1428\" height=\"536\" \/><\/a><\/p>\n<h4>Bassin d\u2019Agdal<\/h4>\n<p>La construction de ce bassin fut ordonn\u00e9e par Moulay Isma\u00efl au XVIIe si\u00e8cle.\u00a0C\u2019est un\u00a0endroit tr\u00e8s\u00a0 agr\u00e9able car il a \u00e9t\u00e9 am\u00e9nag\u00e9 en espace de loisirs, p\u00e9dalos, restauration\u2026 Envie soudaine de lire un bouquin? Vous ne trouverez pas mieux comme endroit. A noter qu\u2019en face du Bassin de l\u2019Agdal s\u2019\u00e9l\u00e8vent les fameux greniers de Moulay Isma\u00efl.<a href=\"http:\/\/visit-meknes.com\/wp-content\/uploads\/2016\/01\/12705440.jpg\"><img loading=\"lazy\" decoding=\"async\" class=\"size-full wp-image-2220 alignnone\" src=\"http:\/\/visit-meknes.com\/wp-content\/uploads\/2016\/01\/12705440.jpg\" alt=\"12705440\" width=\"1022\" height=\"383\" \/><\/a><\/p>\n<h4>Volubilis<\/h4>\n<p>Ville romaine \u00e0 proximit\u00e9 de Mekn\u00e8s, l\u2019UNESCO a class\u00e9 ce site comme patrimoine universel. Aujourd\u2019hui on peut toujours admirer au milieu des oliveraies et des champs les vestiges de cet \u00e9poque romaine,\u00a0un forum,\u00a0des thermes,\u00a0un rempart avec 8 portes,\u00a0de riches demeures avec des mosa\u00efques,\u00a0des huileries et des boulangeries. De quoi avoir une superbe photo souvenir.<a href=\"http:\/\/visit-meknes.com\/wp-content\/uploads\/2016\/01\/b_maroc-volubilis-9782.jpg\"><img loading=\"lazy\" decoding=\"async\" class=\"size-full wp-image-2221 alignnone\" src=\"http:\/\/visit-meknes.com\/wp-content\/uploads\/2016\/01\/b_maroc-volubilis-9782.jpg\" alt=\"b_maroc-volubilis-9782\" width=\"1148\" height=\"430\" \/><\/a><\/p>\n","protected":false},"excerpt":{"rendered":"<p>Moulay Isma\u00efl fut un sultan b\u00e2tisseur qui a laiss\u00e9 \u00e0 cette ville les t\u00e9moignages de ses r\u00e9alisations hors normes. Inscrite au patrimoine de l\u2019UNESCO, Mekn\u00e8s constitue l\u2019une des destinations marocaines les plus marquantes pour d\u00e9couvrir l\u2019histoire du pays. Dar Jama\u00ef \u2013\u00a0Mus\u00e9e des Arts et M\u00e9tiers traditionnels Riad somptueux du puissant vizir Jama\u00ef, sous le r\u00e8gne<\/p>\n","protected":false},"author":1,"featured_media":2214,"comment_status":"open","ping_status":"open","sticky":false,"template":"","format":"standard","meta":{"footnotes":""},"categories":[6],"tags":[],"_links":{"self":[{"href":"https:\/\/visit-meknes.com\/fr\/wp-json\/wp\/v2\/posts\/2213"}],"collection":[{"href":"https:\/\/visit-meknes.com\/fr\/wp-json\/wp\/v2\/posts"}],"about":[{"href":"https:\/\/visit-meknes.com\/fr\/wp-json\/wp\/v2\/types\/post"}],"author":[{"embeddable":true,"href":"https:\/\/visit-meknes.com\/fr\/wp-json\/wp\/v2\/users\/1"}],"replies":[{"embeddable":true,"href":"https:\/\/visit-meknes.com\/fr\/wp-json\/wp\/v2\/comments?post=2213"}],"version-history":[{"count":2,"href":"https:\/\/visit-meknes.com\/fr\/wp-json\/wp\/v2\/posts\/2213\/revisions"}],"predecessor-version":[{"id":2223,"href":"https:\/\/visit-meknes.com\/fr\/wp-json\/wp\/v2\/posts\/2213\/revisions\/2223"}],"wp:featuredmedia":[{"embeddable":true,"href":"https:\/\/visit-meknes.com\/fr\/wp-json\/wp\/v2\/media\/2214"}],"wp:attachment":[{"href":"https:\/\/visit-meknes.com\/fr\/wp-json\/wp\/v2\/media?parent=2213"}],"wp:term":[{"taxonomy":"category","embeddable":true,"href":"https:\/\/visit-meknes.com\/fr\/wp-json\/wp\/v2\/categories?post=2213"},{"taxonomy":"post_tag","embeddable":true,"href":"https:\/\/visit-meknes.com\/fr\/wp-json\/wp\/v2\/tags?post=2213"}],"curies":[{"name":"wp","href":"https:\/\/api.w.org\/{rel}","templated":true}]}}