{"id":5674,"date":"2019-09-22T21:55:33","date_gmt":"2019-09-22T21:55:33","guid":{"rendered":"http:\/\/visit-meknes.com\/es\/?p=5674"},"modified":"2019-09-22T21:55:35","modified_gmt":"2019-09-22T21:55:35","slug":"le-senegal-invite-dhonneur-du-salon-du-bois-a-meknes","status":"publish","type":"post","link":"https:\/\/visit-meknes.com\/es\/le-senegal-invite-dhonneur-du-salon-du-bois-a-meknes\/5674\/","title":{"rendered":"Le S\u00e9n\u00e9gal invit\u00e9 d\u2019honneur du Salon du Bois \u00e0 Mekn\u00e8s"},"content":{"rendered":"\n<p>Le S\u00e9n\u00e9gal sera l\u2019invit\u00e9 d\u2019honneur de la quatri\u00e8me \u00e9dition du Salon international du bois, pr\u00e9vue du 27 septembre au 6 octobre \u00e0 la place Sahrij Souani \u00e0 la cit\u00e9 Isma\u00eflienne, sous le th\u00e8me \u2018\u2019la valorisation de l\u2019artisanat du bois et la pr\u00e9servation de ses arts traditionnels\u2019\u2019.<\/p>\n\n\n\n<p>Lors d\u2019une conf\u00e9rence de presse, vendredi \u00e0 Mekn\u00e8s, consacr\u00e9e \u00e0 la pr\u00e9sentation du programme de cette manifestation, le pr\u00e9sident de la Chambre d\u2019artisanat de la r\u00e9gion F\u00e8s-Mekn\u00e8s, Abdelmalek El Bouteyine, a pr\u00e9cis\u00e9 que cette \u00e9dition se distingue notamment par rapport aux pr\u00e9c\u00e9dentes par l\u2019organisation de la journ\u00e9e du S\u00e9n\u00e9gal, au cours de laquelle l\u2019accent sera mis sur la culture de ce pays.<\/p>\n\n\n\n<p>Le Salon international du bois connaitra aussi la participation d\u2019autres pays, dont la Belgique et le Luxembourg, a ajout\u00e9 M. El Bouteyine, mettant en valeur le programme riche et vari\u00e9 concoct\u00e9 par les organisateurs de cet \u00e9v\u00e8nement.<\/p>\n\n\n\n<p>Ce Salon tend, entre autres, \u00e0 promouvoir la dynamique de l\u2019artisanat du bois, d\u2019\u00e9tablir des partenariats entre les diff\u00e9rents acteurs de la fili\u00e8re bois, d\u2019inciter \u00e0 cr\u00e9er des r\u00e9seaux territoriaux et d\u2019encourager les activit\u00e9s collectives visant \u00e0 offrir des opportunit\u00e9s d\u2019emploi dans les principaux m\u00e9tiers du bois.<\/p>\n\n\n\n<p>Etal\u00e9 sur une superficie de 6.600 m\u00b2, le salon connaitra la participation de 160 exposants repr\u00e9sentant des coop\u00e9ratives, des associations et des entreprises sp\u00e9cialis\u00e9es dans la commercialisation des \u00e9quipements techniques d\u00e9di\u00e9s \u00e0 la transformation du bois.<\/p>\n\n\n\n<p>Il devra drainer un nombre important de visiteurs et de professionnels du secteur \u00e0 l\u2019\u00e9chelle r\u00e9gionale, nationale et internationale.<\/p>\n\n\n\n<p>Cette \u00e9dition comprend plusieurs espaces d\u00e9di\u00e9s aux antiquit\u00e9s et des articles menac\u00e9s de disparition, des produits des laur\u00e9ats des centres de formation de l\u2019artisanat et de la fondation Mohammed VI pour la r\u00e9insertion des d\u00e9tenus, un espace commercial pour les artisans et un autre pour le design.<\/p>\n\n\n\n<p>Elle connaitra aussi la tenue de plusieurs conf\u00e9rences et tables rondes autour de la fili\u00e8re du bois et des moyens susceptibles d\u2019acc\u00e9l\u00e9rer son d\u00e9veloppement, anim\u00e9es par des chercheurs et des sp\u00e9cialistes dans le domaine, outre des s\u00e9ances de formation organis\u00e9es en faveur des artisans pour am\u00e9liorer leurs capacit\u00e9s et \u00e9largir leurs connaissances.<\/p>\n\n\n\n<p>Le Salon international du bois est organis\u00e9 en partenariat avec le minist\u00e8re du tourisme, du transport a\u00e9rien, de l\u2019artisanat et de l\u2019\u00e9conomie sociale, le secr\u00e9tariat d\u2019Etat charg\u00e9 de l\u2019artisanat et de l\u2019\u00e9conomie sociale, le Conseil r\u00e9gional de F\u00e8s-Mekn\u00e8s, la Commune de Mekn\u00e8s, le Conseil pr\u00e9fectoral de Mekn\u00e8s et la Commune El M\u00e9chouar de Mekn\u00e8s.<\/p>\n\n\n\n<p><strong>LNT avec Map<\/strong><\/p>\n","protected":false},"excerpt":{"rendered":"<p>Le S\u00e9n\u00e9gal sera l\u2019invit\u00e9 d\u2019honneur de la quatri\u00e8me \u00e9dition du Salon international du bois, pr\u00e9vue du 27 septembre au 6 octobre \u00e0 la place Sahrij Souani \u00e0 la cit\u00e9 Isma\u00eflienne, sous le th\u00e8me \u2018\u2019la valorisation de l\u2019artisanat du bois et la pr\u00e9servation de ses arts traditionnels\u2019\u2019. Lors d\u2019une conf\u00e9rence de presse, vendredi \u00e0 Mekn\u00e8s, consacr\u00e9e<\/p>\n","protected":false},"author":2,"featured_media":5672,"comment_status":"open","ping_status":"open","sticky":false,"template":"","format":"standard","meta":{"footnotes":""},"categories":[70,6],"tags":[],"_links":{"self":[{"href":"https:\/\/visit-meknes.com\/es\/wp-json\/wp\/v2\/posts\/5674"}],"collection":[{"href":"https:\/\/visit-meknes.com\/es\/wp-json\/wp\/v2\/posts"}],"about":[{"href":"https:\/\/visit-meknes.com\/es\/wp-json\/wp\/v2\/types\/post"}],"author":[{"embeddable":true,"href":"https:\/\/visit-meknes.com\/es\/wp-json\/wp\/v2\/users\/2"}],"replies":[{"embeddable":true,"href":"https:\/\/visit-meknes.com\/es\/wp-json\/wp\/v2\/comments?post=5674"}],"version-history":[{"count":1,"href":"https:\/\/visit-meknes.com\/es\/wp-json\/wp\/v2\/posts\/5674\/revisions"}],"predecessor-version":[{"id":5675,"href":"https:\/\/visit-meknes.com\/es\/wp-json\/wp\/v2\/posts\/5674\/revisions\/5675"}],"wp:featuredmedia":[{"embeddable":true,"href":"https:\/\/visit-meknes.com\/es\/wp-json\/wp\/v2\/media\/5672"}],"wp:attachment":[{"href":"https:\/\/visit-meknes.com\/es\/wp-json\/wp\/v2\/media?parent=5674"}],"wp:term":[{"taxonomy":"category","embeddable":true,"href":"https:\/\/visit-meknes.com\/es\/wp-json\/wp\/v2\/categories?post=5674"},{"taxonomy":"post_tag","embeddable":true,"href":"https:\/\/visit-meknes.com\/es\/wp-json\/wp\/v2\/tags?post=5674"}],"curies":[{"name":"wp","href":"https:\/\/api.w.org\/{rel}","templated":true}]}}