{"id":5560,"date":"2019-08-24T21:53:24","date_gmt":"2019-08-24T21:53:24","guid":{"rendered":"http:\/\/visit-meknes.com\/es\/?p=5560"},"modified":"2019-08-24T21:53:36","modified_gmt":"2019-08-24T21:53:36","slug":"culture-meknes-accueille-du-6-au-19-septembre-le-festival-international-des-arts-urbains","status":"publish","type":"post","link":"https:\/\/visit-meknes.com\/es\/culture-meknes-accueille-du-6-au-19-septembre-le-festival-international-des-arts-urbains\/5560\/","title":{"rendered":"Culture \u2013 Mekn\u00e8s accueille du 6 au 19 septembre le festival international des arts urbains"},"content":{"rendered":"\n<p>La ville de Mekn\u00e8s accueillera, du 6 au 19 septembre, le 16\u00e8me Festival international des arts urbains organis\u00e9 par l\u2019Association \u00ab Espoir jeunesse Maroc freestyle urban dance \u00bb en partenariat avec la conseil de la capitale Isma\u00eflia, sous les auspices de la F\u00e9d\u00e9ration royale marocaine des sports a\u00e9robics, fitness, hip hop et disciplines assimil\u00e9es.<\/p>\n\n\n\n<p>Plus de 700 jeunes, gar\u00e7ons et filles, en provenance de plus de 10 pays, sont attendus cette ann\u00e9e \u00e0 cet \u00e9v\u00e9nement avec une programmation qui devra profiter \u00e0 pr\u00e8s de 5 000 enfants et jeunes de plusieurs quartiers marginalis\u00e9s de Mekn\u00e8s et de ses environs.<\/p>\n\n\n\n<p>Au programme de cette manifestation des ateliers de formation, des comp\u00e9titions dans plus de 13 disciplines des arts et des sports de rue en plus de plusieurs soir\u00e9es artistiques et d\u2019autres animations culturelles.<\/p>\n\n\n\n<p>Des experts marocains et \u00e9trangers assureront l\u2019encadrement des participants et l\u2019arbitrage dans les diff\u00e9rentes comp\u00e9titions.<\/p>\n\n\n\n<p>A signaler que l\u2019Association Espoir jeunesse Maroc freestyle urban dance a pour but de sensibiliser les jeunes aux domaines artistique, culturel et sportif et \u00e0 jeter les ponts de communication entre l\u2019ensemble des jeunes impliqu\u00e9s dans les arts et sports urbains.<\/p>\n\n\n\n<p><strong>Article19.ma<\/strong><\/p>\n","protected":false},"excerpt":{"rendered":"<p>La ville de Mekn\u00e8s accueillera, du 6 au 19 septembre, le 16\u00e8me Festival international des arts urbains organis\u00e9 par l\u2019Association \u00ab Espoir jeunesse Maroc freestyle urban dance \u00bb en partenariat avec la conseil de la capitale Isma\u00eflia, sous les auspices de la F\u00e9d\u00e9ration royale marocaine des sports a\u00e9robics, fitness, hip hop et disciplines assimil\u00e9es. Plus<\/p>\n","protected":false},"author":2,"featured_media":5561,"comment_status":"open","ping_status":"open","sticky":false,"template":"","format":"standard","meta":{"footnotes":""},"categories":[70,6],"tags":[],"_links":{"self":[{"href":"https:\/\/visit-meknes.com\/es\/wp-json\/wp\/v2\/posts\/5560"}],"collection":[{"href":"https:\/\/visit-meknes.com\/es\/wp-json\/wp\/v2\/posts"}],"about":[{"href":"https:\/\/visit-meknes.com\/es\/wp-json\/wp\/v2\/types\/post"}],"author":[{"embeddable":true,"href":"https:\/\/visit-meknes.com\/es\/wp-json\/wp\/v2\/users\/2"}],"replies":[{"embeddable":true,"href":"https:\/\/visit-meknes.com\/es\/wp-json\/wp\/v2\/comments?post=5560"}],"version-history":[{"count":1,"href":"https:\/\/visit-meknes.com\/es\/wp-json\/wp\/v2\/posts\/5560\/revisions"}],"predecessor-version":[{"id":5562,"href":"https:\/\/visit-meknes.com\/es\/wp-json\/wp\/v2\/posts\/5560\/revisions\/5562"}],"wp:featuredmedia":[{"embeddable":true,"href":"https:\/\/visit-meknes.com\/es\/wp-json\/wp\/v2\/media\/5561"}],"wp:attachment":[{"href":"https:\/\/visit-meknes.com\/es\/wp-json\/wp\/v2\/media?parent=5560"}],"wp:term":[{"taxonomy":"category","embeddable":true,"href":"https:\/\/visit-meknes.com\/es\/wp-json\/wp\/v2\/categories?post=5560"},{"taxonomy":"post_tag","embeddable":true,"href":"https:\/\/visit-meknes.com\/es\/wp-json\/wp\/v2\/tags?post=5560"}],"curies":[{"name":"wp","href":"https:\/\/api.w.org\/{rel}","templated":true}]}}