{"id":3113,"date":"2019-04-24T22:32:43","date_gmt":"2019-04-24T22:32:43","guid":{"rendered":"https:\/\/visit-meknes.com\/?p=3113"},"modified":"2019-05-10T01:55:10","modified_gmt":"2019-05-10T01:55:10","slug":"deuxieme-salon-regional-de-leconomie-sociale-et-solidaire","status":"publish","type":"post","link":"https:\/\/visit-meknes.com\/es\/deuxieme-salon-regional-de-leconomie-sociale-et-solidaire\/3113\/","title":{"rendered":"Deuxi\u00e8me Salon r\u00e9gional de l\u2019\u00e9conomie sociale et solidaire"},"content":{"rendered":"<p>Le deuxi\u00e8me Salon r\u00e9gional de l\u2019\u00e9conomie sociale et solidaire de F\u00e8s-Mekn\u00e8s se tient, du 23 au 28 avril, \u00e0 F\u00e8s, autour du th\u00e8me \u00abL\u2019innovation au service de l\u2019\u00e9conomie sociale et solidaire\u00bb. Initi\u00e9e par le Conseil de la r\u00e9gion de F\u00e8s-Mekn\u00e8s, avec le soutien du minist\u00e8re du Tourisme et de l\u2019artisanat ainsi que d\u2019autres partenaires, cette deuxi\u00e8me \u00e9dition intervient \u00e0 la suite du vif succ\u00e8s de la premi\u00e8re \u00e9dition, qui s\u2019est tenue en 2017, avec une commercialisation encourageante de produits agroalimentaires du terroir et d\u2019articles d\u2019artisanat utilitaires et de d\u00e9coration. Cette deuxi\u00e8me manifestation socio-\u00e9conomique enregistre la participation d\u2019environ 120 exposants originaires des neuf provinces composant la r\u00e9gion de F\u00e8s-Mekn\u00e8s, en plus d\u2019exposants invit\u00e9s repr\u00e9sentant les r\u00e9gions de Rabat-Sal\u00e9-K\u00e9nitra, Tanger-T\u00e9touan-Al Hoce\u00efma, Dar\u00e2a-Tafilalet et la r\u00e9gion du Centre Val de Loire de France, laquelle entretient des relations d\u2019amiti\u00e9 et de coop\u00e9ration avec la r\u00e9gion de F\u00e8s-Mekn\u00e8s.<\/p>\n<p>Selon les organisateurs, ce Salon r\u00e9gional contribuera \u00e0 l\u2019int\u00e9gration des citoyens dans le secteur de l\u2019\u00e9conomie sociale et solidaire, \u00e0 la promotion de l\u2019auto-emploi et de l\u2019innovation, et \u00e0 la valorisation des ressources humaines et naturelles, \u00e0 travers des partenariats et des s\u00e9ances de formation sur l\u2019innovation, encadr\u00e9es par des universitaires et des sp\u00e9cialistes notamment de l\u2019Universit\u00e9 Sidi Mohammed Ben Abdellah de F\u00e8s, de l\u2019Universit\u00e9 Al Akhawayn d\u2019Ifrane et de l\u2019Universit\u00e9 euro-m\u00e9diterran\u00e9enne.<\/p>\n<p>Selon la m\u00eame source, l\u2019\u00e9conomie sociale et solidaire, qui allie le principe de l\u2019\u00e9quit\u00e9 sociale et celui du d\u00e9veloppement \u00e9conomique, contribue \u00e0 la lutte contre le ch\u00f4mage, la pauvret\u00e9 et les disparit\u00e9s sociales et participe au d\u00e9veloppement socio\u00e9conomique des diff\u00e9rentes r\u00e9gions du Royaume.<\/p>\n<p>Il convient de rappeler que le premier Salon du genre, organis\u00e9 en 2017, a \u00e9t\u00e9 plac\u00e9 sous le th\u00e8me \u00abL\u2019\u00e9conomie sociale et solidaire au service du d\u00e9veloppement durable dans la r\u00e9gion de F\u00e8s-Mekn\u00e8s\u00bb et avait enregistr\u00e9 une affluence de quelque 60.000 visiteurs. Pour la deuxi\u00e8me \u00e9dition, les organisateurs ambitionnent d\u2019attirer des visiteurs en nombre plus important, d\u2019autant qu\u2019elle intervient \u00e0 quelques jours de l\u2019av\u00e8nement du mois sacr\u00e9 du Ramadan qui enregistre une croissance notable de la commercialisation de produits alimentaires.<\/p>\n","protected":false},"excerpt":{"rendered":"<p>Le deuxi\u00e8me Salon r\u00e9gional de l\u2019\u00e9conomie sociale et solidaire de F\u00e8s-Mekn\u00e8s se tient, du 23 au 28 avril, \u00e0 F\u00e8s, autour du th\u00e8me \u00abL\u2019innovation au service de l\u2019\u00e9conomie sociale et solidaire\u00bb. Initi\u00e9e par le Conseil de la r\u00e9gion de F\u00e8s-Mekn\u00e8s, avec le soutien du minist\u00e8re du Tourisme et de l\u2019artisanat ainsi que d\u2019autres partenaires, cette<\/p>\n","protected":false},"author":1,"featured_media":3253,"comment_status":"open","ping_status":"open","sticky":false,"template":"","format":"standard","meta":{"footnotes":""},"categories":[70,6],"tags":[],"_links":{"self":[{"href":"https:\/\/visit-meknes.com\/es\/wp-json\/wp\/v2\/posts\/3113"}],"collection":[{"href":"https:\/\/visit-meknes.com\/es\/wp-json\/wp\/v2\/posts"}],"about":[{"href":"https:\/\/visit-meknes.com\/es\/wp-json\/wp\/v2\/types\/post"}],"author":[{"embeddable":true,"href":"https:\/\/visit-meknes.com\/es\/wp-json\/wp\/v2\/users\/1"}],"replies":[{"embeddable":true,"href":"https:\/\/visit-meknes.com\/es\/wp-json\/wp\/v2\/comments?post=3113"}],"version-history":[{"count":1,"href":"https:\/\/visit-meknes.com\/es\/wp-json\/wp\/v2\/posts\/3113\/revisions"}],"predecessor-version":[{"id":3115,"href":"https:\/\/visit-meknes.com\/es\/wp-json\/wp\/v2\/posts\/3113\/revisions\/3115"}],"wp:featuredmedia":[{"embeddable":true,"href":"https:\/\/visit-meknes.com\/es\/wp-json\/wp\/v2\/media\/3253"}],"wp:attachment":[{"href":"https:\/\/visit-meknes.com\/es\/wp-json\/wp\/v2\/media?parent=3113"}],"wp:term":[{"taxonomy":"category","embeddable":true,"href":"https:\/\/visit-meknes.com\/es\/wp-json\/wp\/v2\/categories?post=3113"},{"taxonomy":"post_tag","embeddable":true,"href":"https:\/\/visit-meknes.com\/es\/wp-json\/wp\/v2\/tags?post=3113"}],"curies":[{"name":"wp","href":"https:\/\/api.w.org\/{rel}","templated":true}]}}