{"id":2911,"date":"2018-10-21T14:39:24","date_gmt":"2018-10-21T14:39:24","guid":{"rendered":"https:\/\/visit-meknes.com\/?p=2911"},"modified":"2018-10-21T14:39:24","modified_gmt":"2018-10-21T14:39:24","slug":"meknes-3eme-salon-international-du-bois-le-26-octobre","status":"publish","type":"post","link":"https:\/\/visit-meknes.com\/es\/meknes-3eme-salon-international-du-bois-le-26-octobre\/2911\/","title":{"rendered":"Mekn\u00e8s : 3\u00e8me Salon international du bois, le 26 octobre"},"content":{"rendered":"<p>La troisi\u00e8me \u00e9dition du salon international du bois se tiendra du 26 octobre au 4 novembre \u00e0 Mekn\u00e8s, sous le signe \u00abpromotion du patrimoine culturel de l\u2019industrie du bois\u00bb.<\/p>\n<p>S\u2019\u00e9tendant sur une superficie totale de 6.600 m2, le Salon est initi\u00e9 par la Chambre d\u2019artisanat de la r\u00e9gion F\u00e8s-Mekn\u00e8s, en partenariat avec le minist\u00e8re du tourisme, le Secr\u00e9tariat d\u2019Etat charg\u00e9 de l\u2019artisanat et de l\u2019\u00e9conomie sociale et le Conseil de la r\u00e9gion.<\/p>\n<p>Il devra connaitre la participation de plus de 160 exposants, dont des acteurs nationaux et internationaux de la fili\u00e8re du bois, les entreprises et mono-artisans, ainsi que les associations et coop\u00e9ratives.<\/p>\n<p>Cette manifestation vise \u00e0 promouvoir les produits de l\u2019artisanat du bois, attirer les investissements \u00e9trangers, relancer le potentiel cr\u00e9atif et artistique des artisans, renforcer l\u2019\u00e9change d\u2019exp\u00e9riences et le transfert de savoir-faire, dynamiser le march\u00e9 de l\u2019artisanat du bois, am\u00e9liorer la comp\u00e9titivit\u00e9 du secteur et appuyer les initiatives priv\u00e9es.<\/p>\n<p>Fort du \u00abgrand succ\u00e8s\u00bb de ses deux premi\u00e8res \u00e9ditions le salon national prend cette ann\u00e9e un aspect international, favorisant la rencontre des experts et designers de diff\u00e9rentes branches de bois au niveau local et \u00e9tranger.<\/p>\n<p>Il constitue aussi une opportunit\u00e9 pour d\u00e9couvrir les derni\u00e8res cr\u00e9ations et nouveaut\u00e9s internationales en mati\u00e8re de bois, \u00e9changer les exp\u00e9riences des uns et des autres et \u00e9couler la production des exposants.<\/p>\n","protected":false},"excerpt":{"rendered":"<p>La troisi\u00e8me \u00e9dition du salon international du bois se tiendra du 26 octobre au 4 novembre \u00e0 Mekn\u00e8s, sous le signe \u00abpromotion du patrimoine culturel de l\u2019industrie du bois\u00bb. S\u2019\u00e9tendant sur une superficie totale de 6.600 m2, le Salon est initi\u00e9 par la Chambre d\u2019artisanat de la r\u00e9gion F\u00e8s-Mekn\u00e8s, en partenariat avec le minist\u00e8re du<\/p>\n","protected":false},"author":1,"featured_media":2912,"comment_status":"open","ping_status":"open","sticky":false,"template":"","format":"standard","meta":{"footnotes":""},"categories":[70,6],"tags":[],"_links":{"self":[{"href":"https:\/\/visit-meknes.com\/es\/wp-json\/wp\/v2\/posts\/2911"}],"collection":[{"href":"https:\/\/visit-meknes.com\/es\/wp-json\/wp\/v2\/posts"}],"about":[{"href":"https:\/\/visit-meknes.com\/es\/wp-json\/wp\/v2\/types\/post"}],"author":[{"embeddable":true,"href":"https:\/\/visit-meknes.com\/es\/wp-json\/wp\/v2\/users\/1"}],"replies":[{"embeddable":true,"href":"https:\/\/visit-meknes.com\/es\/wp-json\/wp\/v2\/comments?post=2911"}],"version-history":[{"count":1,"href":"https:\/\/visit-meknes.com\/es\/wp-json\/wp\/v2\/posts\/2911\/revisions"}],"predecessor-version":[{"id":2913,"href":"https:\/\/visit-meknes.com\/es\/wp-json\/wp\/v2\/posts\/2911\/revisions\/2913"}],"wp:featuredmedia":[{"embeddable":true,"href":"https:\/\/visit-meknes.com\/es\/wp-json\/wp\/v2\/media\/2912"}],"wp:attachment":[{"href":"https:\/\/visit-meknes.com\/es\/wp-json\/wp\/v2\/media?parent=2911"}],"wp:term":[{"taxonomy":"category","embeddable":true,"href":"https:\/\/visit-meknes.com\/es\/wp-json\/wp\/v2\/categories?post=2911"},{"taxonomy":"post_tag","embeddable":true,"href":"https:\/\/visit-meknes.com\/es\/wp-json\/wp\/v2\/tags?post=2911"}],"curies":[{"name":"wp","href":"https:\/\/api.w.org\/{rel}","templated":true}]}}