{"id":2902,"date":"2018-10-15T21:54:56","date_gmt":"2018-10-15T21:54:56","guid":{"rendered":"https:\/\/visit-meknes.com\/?p=2902"},"modified":"2018-10-15T21:57:59","modified_gmt":"2018-10-15T21:57:59","slug":"la-3eme-edition-du-fitam-forum-international-du-tourisme-a-meknes","status":"publish","type":"post","link":"https:\/\/visit-meknes.com\/es\/la-3eme-edition-du-fitam-forum-international-du-tourisme-a-meknes\/2902\/","title":{"rendered":"La 3\u00e8me \u00e9dition du FITAM (Forum International du Tourisme \u00e0 Mekn\u00e8s)"},"content":{"rendered":"<p>Sous le Haut Patronage de SM le Roi Mohammed VI que Dieu le Glorifie, l\u2019Association Isma\u00eflia Al Kobra organise, en partenariat avec :<\/p>\n<p>&#8211; la R\u00e9gion F\u00e8s-Mekn\u00e8s<br \/>\n&#8211; le Conseil Municipal de Mekn\u00e8s<br \/>\n&#8211; la Direction R\u00e9gionale du Tourisme DRT<br \/>\n&#8211; le Conseil Provincial du Tourisme de Mekn\u00e8s CPTM<\/p>\n<p>En collaboration avec la Pr\u00e9fecture de Mekn\u00e8s, la Chambre d\u2019Artisanat de la r\u00e9gion F\u00e8s-Mekn\u00e8s, la SMIT et l\u2019ONMT, la 3\u00e8me \u00e9dition du FITAM (Forum International du Tourisme \u00e0 Mekn\u00e8s) 2018 sous le th\u00e8me :<\/p>\n<p style=\"text-align: center;\"><strong>\u00ab R\u00f4le des acteurs territoriaux dans le d\u00e9veloppement de la destination touristique &#8211; Patrimoine, culture et environnement- \u00bb<\/strong><\/p>\n<p>Les 18,19 et 20 octobre 2018 au Complexe administratif et culturel du Minist\u00e8re des Habous et des Affaires Islamiques de Mekn\u00e8s.<\/p>\n<p>Cet \u00e9v\u00e9nement rentre dans le cadre des objectifs prioritaires de l\u2019Association Isma\u00eflia Al Kobra, tendant \u00e0 contribuer au d\u00e9veloppement du Grand Mekn\u00e8s \u00e0 travers le tourisme consid\u00e9r\u00e9 comme un important levier de croissance r\u00e9gional. Ceci d\u2019autant plus que Mekn\u00e8s, ville imp\u00e9riale et patrimoine universel de l\u2019humanit\u00e9, rec\u00e8le des atouts touristiques consid\u00e9rables que nous devons tous valoriser et pr\u00e9server.<\/p>\n<p>Mekn\u00e8s, en effet, doit reprendre ses droits de destination touristique incontournable.<\/p>\n<p>Avant les mots d\u2019ouverture, une riche exposition des produits d\u2019artisanat sera inaugur\u00e9e.<\/p>\n<p>Par ailleurs, les th\u00e8mes de ce Forum verseront sur le d\u00e9veloppement du tourisme r\u00e9gional et sur la promotion des produits touristiques, de l\u2019emploi et de la formation professionnelle ad\u00e9quate.<\/p>\n<p>Par la m\u00eame occasion, il sera mis en lumi\u00e8re, opportun\u00e9ment, l\u2019exp\u00e9rience de la r\u00e9gion Occitanie fran\u00e7aise dans le domaine du d\u00e9veloppement touristique r\u00e9gional.<\/p>\n<p>La lecture des recommandations et du t\u00e9l\u00e9gramme d\u2019all\u00e9geance et de fid\u00e9lit\u00e9 \u00e0 adresser \u00e0 Sa Majest\u00e9 le Roi Mohammed VI que Dieu le glorifie cl\u00f4tureront les travaux de la premi\u00e8re journ\u00e9e.<\/p>\n<p><img decoding=\"async\" class=\"alignnone size-full wp-image-2903\" src=\"https:\/\/visit-meknes.com\/wp-content\/uploads\/2018\/10\/FITAM.jpeg\" alt=\"\" width=\"50%\" height=\"850\" \/><img decoding=\"async\" class=\"alignnone size-full wp-image-2904\" src=\"https:\/\/visit-meknes.com\/wp-content\/uploads\/2018\/10\/FITAM2.jpeg\" alt=\"\" width=\"50%\" height=\"850\" srcset=\"https:\/\/visit-meknes.com\/es\/wp-content\/uploads\/2018\/10\/FITAM2.jpeg 601w, https:\/\/visit-meknes.com\/es\/wp-content\/uploads\/2018\/10\/FITAM2-768x1086.jpeg 768w\" sizes=\"(max-width: 601px) 100vw, 601px\" \/><\/p>\n","protected":false},"excerpt":{"rendered":"<p>Sous le Haut Patronage de SM le Roi Mohammed VI que Dieu le Glorifie, l\u2019Association Isma\u00eflia Al Kobra organise, en partenariat avec : &#8211; la R\u00e9gion F\u00e8s-Mekn\u00e8s &#8211; le Conseil Municipal de Mekn\u00e8s &#8211; la Direction R\u00e9gionale du Tourisme DRT &#8211; le Conseil Provincial du Tourisme de Mekn\u00e8s CPTM En collaboration avec la Pr\u00e9fecture de<\/p>\n","protected":false},"author":1,"featured_media":2903,"comment_status":"open","ping_status":"open","sticky":false,"template":"","format":"standard","meta":{"footnotes":""},"categories":[70,6],"tags":[],"_links":{"self":[{"href":"https:\/\/visit-meknes.com\/es\/wp-json\/wp\/v2\/posts\/2902"}],"collection":[{"href":"https:\/\/visit-meknes.com\/es\/wp-json\/wp\/v2\/posts"}],"about":[{"href":"https:\/\/visit-meknes.com\/es\/wp-json\/wp\/v2\/types\/post"}],"author":[{"embeddable":true,"href":"https:\/\/visit-meknes.com\/es\/wp-json\/wp\/v2\/users\/1"}],"replies":[{"embeddable":true,"href":"https:\/\/visit-meknes.com\/es\/wp-json\/wp\/v2\/comments?post=2902"}],"version-history":[{"count":2,"href":"https:\/\/visit-meknes.com\/es\/wp-json\/wp\/v2\/posts\/2902\/revisions"}],"predecessor-version":[{"id":2906,"href":"https:\/\/visit-meknes.com\/es\/wp-json\/wp\/v2\/posts\/2902\/revisions\/2906"}],"wp:featuredmedia":[{"embeddable":true,"href":"https:\/\/visit-meknes.com\/es\/wp-json\/wp\/v2\/media\/2903"}],"wp:attachment":[{"href":"https:\/\/visit-meknes.com\/es\/wp-json\/wp\/v2\/media?parent=2902"}],"wp:term":[{"taxonomy":"category","embeddable":true,"href":"https:\/\/visit-meknes.com\/es\/wp-json\/wp\/v2\/categories?post=2902"},{"taxonomy":"post_tag","embeddable":true,"href":"https:\/\/visit-meknes.com\/es\/wp-json\/wp\/v2\/tags?post=2902"}],"curies":[{"name":"wp","href":"https:\/\/api.w.org\/{rel}","templated":true}]}}