{"id":2806,"date":"2018-05-24T22:36:47","date_gmt":"2018-05-24T22:36:47","guid":{"rendered":"https:\/\/visit-meknes.com\/?p=2806"},"modified":"2018-05-24T22:36:47","modified_gmt":"2018-05-24T22:36:47","slug":"meknes-tourisme-appel-du-cptm-pour-la-creation-d-instances-dirigeantes-en-tenant-compte-du-decoupage-administratif-regional","status":"publish","type":"post","link":"https:\/\/visit-meknes.com\/es\/meknes-tourisme-appel-du-cptm-pour-la-creation-d-instances-dirigeantes-en-tenant-compte-du-decoupage-administratif-regional\/2806\/","title":{"rendered":"Mekn\u00e8s-Tourisme: Appel du CPTM pour la cr\u00e9ation d\u2019 instances dirigeantes en tenant compte du d\u00e9coupage administratif r\u00e9gional"},"content":{"rendered":"<p>Le bureau du Conseil Pr\u00e9fectoral du Tourisme de Mekn\u00e8s (CPTM) , r\u00e9uni r\u00e9cemment \u00e0 son si\u00e8ge \u00e0 Mekn\u00e8s, a examin\u00e9 plusieurs questions dont la concr\u00e9tisation de la convention de partenariat notamment avec l\u2019Office National Marocain du Tourisme (ONMT) et s\u2019est attard\u00e9 sur les r\u00e9alisations et projections en mati\u00e8re d\u2019outils promotionnels et de restructuration pr\u00e9fectorale et r\u00e9gionale du dispositif associatif professionnel.<\/p>\n<p>Le conseil pr\u00e9fectoral du tourisme de Mekn\u00e8s, qui s\u2019est d\u00e9roul\u00e9 sous la pr\u00e9sidence d\u2019Adil Terrab, a relev\u00e9 avec \u00ab <em>regret les contraintes proc\u00e9durales et formelles li\u00e9es \u00e0 la cr\u00e9ation et la construction des instances dirigeantes du tissu associatif en prenant en compte le d\u00e9coupage administratif r\u00e9gional<\/em> \u00bb, selon une d\u00e9claration du conseil.<\/p>\n<p>Le CPTM tient \u00e0 exprimer \u00ab <em>sa vive pr\u00e9occupation et sa profonde inqui\u00e9tude que continuent \u00e0 lui inspirer le climat de tension qui pr\u00e9vaut et le risque accru caus\u00e9 par l\u2019\u00e9loignement des principes d\u2019unit\u00e9 et de collaboration au niveau du processus de la restructuration r\u00e9gionale du dispositif associatif professionnel<\/em> \u00bb, indique-t-on de m\u00eame source.<\/p>\n<p>\u00ab <em>En continuant de suivre de pr\u00e8s l\u2019\u00e9volution de ce processus aux diff\u00e9rents stades de cette restructuration , le CPTM assure ses partenaires professionnels de la r\u00e9gion F\u00e8s-Mekn\u00e8s de sa confraternelle disponibilit\u00e9 \u00e0 participer activement \u00e0 l\u2019instauration des mesures de confiance mutuelle \u00e0 l\u2019\u00e9chelon r\u00e9gional , en total respect des traditions de probit\u00e9 et de moralit\u00e9 et en adoptant les r\u00e8gles d\u2019usage et de d\u00e9ontologie admise par la profession<\/em> \u00bb, ajoute la m\u00eame source.<\/p>\n<p>Il convient de souligner que le CPT de Mekn\u00e8s fait apparemment allusion \u00e0 la derni\u00e8re et houleuse assembl\u00e9e g\u00e9n\u00e9rale du Conseil R\u00e9gional du Tourisme (CRT) de F\u00e8s-Boulemane qui s\u2019est achev\u00e9e par l\u2019\u00e9lection d\u2019un nouveau pr\u00e9sident du Conseil r\u00e9gional de Tourisme sans tenir compte au pr\u00e9alable de la n\u00e9cessit\u00e9 de la r\u00e9vision des statuts du CRT en incluant les conseils pr\u00e9fectoraux et provinciaux du tourisme de la r\u00e9gion F\u00e8s-Mekn\u00e8s qui compte neuf pr\u00e9fectures et provinces (F\u00e8s, Mekn\u00e8s, Ifrane, S\u00e9frou, Moulay Yaacoub, Boulemane, El Hajeb ,Taounate ,Taza).<\/p>\n<p>Le conseil pr\u00e9fectoral du tourisme de Mekn\u00e8s, cr\u00e9\u00e9 en 2015, s\u2019es fix\u00e9 pour objectif principal , avec l\u2019appui de la d\u00e9l\u00e9gation r\u00e9gionale du tourisme de Mekn\u00e8s, de regrouper en son sein l\u2019ensemble des professions et \u00e9tablissements touristiques de la pr\u00e9fecture de Meknes. Le CPTM s\u2019est engag\u00e9, \u00e9galement, \u00e0 renforcer les associations professionnelles touristiques pour plus d\u2019efficience au niveau pr\u00e9fectoral et r\u00e9gional.<\/p>\n","protected":false},"excerpt":{"rendered":"<p>Le bureau du Conseil Pr\u00e9fectoral du Tourisme de Mekn\u00e8s (CPTM) , r\u00e9uni r\u00e9cemment \u00e0 son si\u00e8ge \u00e0 Mekn\u00e8s, a examin\u00e9 plusieurs questions dont la concr\u00e9tisation de la convention de partenariat notamment avec l\u2019Office National Marocain du Tourisme (ONMT) et s\u2019est attard\u00e9 sur les r\u00e9alisations et projections en mati\u00e8re d\u2019outils promotionnels et de restructuration pr\u00e9fectorale et<\/p>\n","protected":false},"author":1,"featured_media":1775,"comment_status":"open","ping_status":"open","sticky":false,"template":"","format":"standard","meta":{"footnotes":""},"categories":[6],"tags":[],"_links":{"self":[{"href":"https:\/\/visit-meknes.com\/es\/wp-json\/wp\/v2\/posts\/2806"}],"collection":[{"href":"https:\/\/visit-meknes.com\/es\/wp-json\/wp\/v2\/posts"}],"about":[{"href":"https:\/\/visit-meknes.com\/es\/wp-json\/wp\/v2\/types\/post"}],"author":[{"embeddable":true,"href":"https:\/\/visit-meknes.com\/es\/wp-json\/wp\/v2\/users\/1"}],"replies":[{"embeddable":true,"href":"https:\/\/visit-meknes.com\/es\/wp-json\/wp\/v2\/comments?post=2806"}],"version-history":[{"count":1,"href":"https:\/\/visit-meknes.com\/es\/wp-json\/wp\/v2\/posts\/2806\/revisions"}],"predecessor-version":[{"id":2807,"href":"https:\/\/visit-meknes.com\/es\/wp-json\/wp\/v2\/posts\/2806\/revisions\/2807"}],"wp:featuredmedia":[{"embeddable":true,"href":"https:\/\/visit-meknes.com\/es\/wp-json\/wp\/v2\/media\/1775"}],"wp:attachment":[{"href":"https:\/\/visit-meknes.com\/es\/wp-json\/wp\/v2\/media?parent=2806"}],"wp:term":[{"taxonomy":"category","embeddable":true,"href":"https:\/\/visit-meknes.com\/es\/wp-json\/wp\/v2\/categories?post=2806"},{"taxonomy":"post_tag","embeddable":true,"href":"https:\/\/visit-meknes.com\/es\/wp-json\/wp\/v2\/tags?post=2806"}],"curies":[{"name":"wp","href":"https:\/\/api.w.org\/{rel}","templated":true}]}}